{"id":147900,"date":"2025-05-14T10:40:05","date_gmt":"2025-05-14T08:40:05","guid":{"rendered":"https:\/\/preprod.group-gac.com\/?p=147900"},"modified":"2025-05-14T11:07:40","modified_gmt":"2025-05-14T09:07:40","slug":"appel-a-projets-resilience-et-capacites-agroalimentaires","status":"publish","type":"post","link":"https:\/\/group-gac.com\/en\/call-for-agri-food-resilience-and-capacity-projects\/","title":{"rendered":"Relaunch of the PAA: Agri-Food Resilience and Capacities 2030"},"content":{"rendered":"<div data-elementor-type=\"wp-post\" data-elementor-id=\"147900\" class=\"elementor elementor-147900\" data-elementor-post-type=\"post\">\n\t\t\t\t<div class=\"elementor-element elementor-element-6cdec5d e-con-full e-flex e-con e-parent\" data-id=\"6cdec5d\" data-element_type=\"container\" data-e-type=\"container\">\n\t\t<div class=\"elementor-element elementor-element-10de639 e-con-full e-flex e-con e-parent\" data-id=\"10de639\" data-element_type=\"container\" data-e-type=\"container\">\n\t\t\t\t<div class=\"elementor-element elementor-element-e662853 elementor-widget elementor-widget-heading\" data-id=\"e662853\" data-element_type=\"widget\" data-e-type=\"widget\" data-widget_type=\"heading.default\">\n\t\t\t\t\t<h2 class=\"elementor-heading-title elementor-size-default\">What is the Agri-Food Resilience and Capacities 2030 (RCA) call for projects?<\/h2>\t\t\t\t<\/div>\n\t\t\t\t<\/div>\n\t\t<div class=\"elementor-element elementor-element-b5edc49 e-con-full e-flex e-con e-parent\" data-id=\"b5edc49\" data-element_type=\"container\" data-e-type=\"container\">\n\t\t\t\t<div class=\"elementor-element elementor-element-d919c8e elementor-widget elementor-widget-image\" data-id=\"d919c8e\" data-element_type=\"widget\" data-e-type=\"widget\" data-widget_type=\"image.default\">\n\t\t\t\t\t\t\t\t\t\t\t\t\t\t\t<img fetchpriority=\"high\" decoding=\"async\" width=\"768\" height=\"159\" src=\"https:\/\/group-gac.com\/wp-content\/uploads\/2023\/08\/LOGOS-AAP-AGRO-1-768x159.png\" class=\"attachment-medium_large size-medium_large wp-image-147942\" alt=\"\" srcset=\"https:\/\/group-gac.com\/wp-content\/uploads\/2023\/08\/LOGOS-AAP-AGRO-1-768x159.png 768w, https:\/\/group-gac.com\/wp-content\/uploads\/2023\/08\/LOGOS-AAP-AGRO-1-300x62.png 300w, https:\/\/group-gac.com\/wp-content\/uploads\/2023\/08\/LOGOS-AAP-AGRO-1-18x4.png 18w, https:\/\/group-gac.com\/wp-content\/uploads\/2023\/08\/LOGOS-AAP-AGRO-1.png 974w\" sizes=\"(max-width: 768px) 100vw, 768px\" \/>\t\t\t\t\t\t\t\t\t\t\t\t\t\t\t<\/div>\n\t\t\t\t<\/div>\n\t\t\t\t<\/div>\n\t\t<div class=\"elementor-element elementor-element-81cf2ac e-con-full e-flex e-con e-parent\" data-id=\"81cf2ac\" data-element_type=\"container\" data-e-type=\"container\" data-settings=\"{&quot;background_background&quot;:&quot;classic&quot;}\">\n\t\t\t\t<div class=\"elementor-element elementor-element-4ab85d1 elementor-widget elementor-widget-text-editor\" data-id=\"4ab85d1\" data-element_type=\"widget\" data-e-type=\"widget\" data-widget_type=\"text-editor.default\">\n\t\t\t\t\t\t\t\t\t<p>The RCA call for projects targets the challenges of French agri-food sovereignty and the agro-ecological transition of the industry. It primarily finances industrial investments for the industrialization of innovative solutions or processes, or the establishment of strategic industrial capacities, in 4 areas:<\/p>\t\t\t\t\t\t\t\t<\/div>\n\t\t\t\t<div class=\"elementor-element elementor-element-d668d23 elementor-widget elementor-widget-text-editor\" data-id=\"d668d23\" data-element_type=\"widget\" data-e-type=\"widget\" data-widget_type=\"text-editor.default\">\n\t\t\t\t\t\t\t\t\t<ul><li>Relocation,<\/li><li>The answer to tomorrow's food needs,<\/li><li>The agro-ecological transition,<\/li><li>Collective resilience initiatives in the agricultural and agrifood sectors.<\/li><\/ul>\t\t\t\t\t\t\t\t<\/div>\n\t\t\t\t<div class=\"elementor-element elementor-element-419e7fb elementor-widget elementor-widget-heading\" data-id=\"419e7fb\" data-element_type=\"widget\" data-e-type=\"widget\" data-widget_type=\"heading.default\">\n\t\t\t\t\t<h2 class=\"elementor-heading-title elementor-size-default\">What are the eligibility criteria for the RCA (Resilience and Agri-food Capacities) call for projects?<\/h2>\t\t\t\t<\/div>\n\t\t\t\t<div class=\"elementor-element elementor-element-6a4b4df elementor-widget elementor-widget-text-editor\" data-id=\"6a4b4df\" data-element_type=\"widget\" data-e-type=\"widget\" data-widget_type=\"text-editor.default\">\n\t\t\t\t\t\t\t\t\t<ul><li>Depending on the focus, individual or collaborative projects, led by a company<\/li><li>Eligible expenditure in excess of \u20ac3m for projects under priorities 1 to 3, \u20ac500k for priority 4.<\/li><li>Mainly industrial capital expenditure for production in France<\/li><li>Duration from 12 to 48 months<\/li><\/ul>\t\t\t\t\t\t\t\t<\/div>\n\t\t\t\t<div class=\"elementor-element elementor-element-bbca772 elementor-widget elementor-widget-heading\" data-id=\"bbca772\" data-element_type=\"widget\" data-e-type=\"widget\" data-widget_type=\"heading.default\">\n\t\t\t\t\t<h2 class=\"elementor-heading-title elementor-size-default\">Selection process<\/h2>\t\t\t\t<\/div>\n\t\t\t\t<div class=\"elementor-element elementor-element-9a49ea9 elementor-widget elementor-widget-text-editor\" data-id=\"9a49ea9\" data-element_type=\"widget\" data-e-type=\"widget\" data-widget_type=\"text-editor.default\">\n\t\t\t\t\t\t\t\t\t<ul><li>Economic impact and strategic interest in the development of a food industry are essential. European or global ambitions are preferred.<\/li><li>The project is designed to strengthen France's food sovereignty.<\/li><li>The quality of the development plan and the commissioning schedule must be appropriate in terms of objectives and resources.<\/li><li>The support of a competitive cluster is a plus.<\/li><\/ul>\t\t\t\t\t\t\t\t<\/div>\n\t\t\t\t<div class=\"elementor-element elementor-element-264c0c0 elementor-widget elementor-widget-heading\" data-id=\"264c0c0\" data-element_type=\"widget\" data-e-type=\"widget\" data-widget_type=\"heading.default\">\n\t\t\t\t\t<h2 class=\"elementor-heading-title elementor-size-default\">Financing terms and conditions<\/h2>\t\t\t\t<\/div>\n\t\t\t\t<div class=\"elementor-element elementor-element-a38e643 elementor-widget elementor-widget-text-editor\" data-id=\"a38e643\" data-element_type=\"widget\" data-e-type=\"widget\" data-widget_type=\"text-editor.default\">\n\t\t\t\t\t\t\t\t\t<p>The AAP covers the financing needs not covered by the projects submitted, up to a maximum of 20 to 30%. Aid rates may exceed these ceilings, depending on the nature of the expenditure and the aid schemes mobilized. Innovation expenditure, which must remain in the minority, can be covered up to 80 % for small companies.<br \/>Assistance amounts to 60% in subsidies, 40% in repayable advances.<\/p>\t\t\t\t\t\t\t\t<\/div>\n\t\t\t\t<\/div>\n\t\t<div class=\"elementor-element elementor-element-af56332 e-con-full e-flex e-con e-parent\" data-id=\"af56332\" data-element_type=\"container\" data-e-type=\"container\">\n\t\t\t\t<div class=\"elementor-element elementor-element-a53e5a1 elementor-widget elementor-widget-heading\" data-id=\"a53e5a1\" data-element_type=\"widget\" data-e-type=\"widget\" data-widget_type=\"heading.default\">\n\t\t\t\t\t<div class=\"elementor-heading-title elementor-size-default\">Will you be a candidate for this call for projects?<\/div>\t\t\t\t<\/div>\n\t\t\t\t<\/div>\n\t\t<div class=\"elementor-element elementor-element-515103d e-con-full e-flex e-con e-parent\" data-id=\"515103d\" data-element_type=\"container\" data-e-type=\"container\">\n\t\t<div class=\"elementor-element elementor-element-57cbac3 e-con-full e-flex e-con e-parent\" data-id=\"57cbac3\" data-element_type=\"container\" data-e-type=\"container\">\n\t\t\t\t<div class=\"elementor-element elementor-element-3008ba6 elementor-widget elementor-widget-text-editor\" data-id=\"3008ba6\" data-element_type=\"widget\" data-e-type=\"widget\" data-widget_type=\"text-editor.default\">\n\t\t\t\t\t\t\t\t\t<p>\u00a0<\/p><p>Our experts are at your disposal to accompany you and maximize your chances of success. <strong>Book a 20-minute appointment with one of our grants and subsidies experts!<\/strong><\/p>\t\t\t\t\t\t\t\t<\/div>\n\t\t\t\t<\/div>\n\t\t<div class=\"elementor-element elementor-element-7923f83 e-con-full e-flex e-con e-parent\" data-id=\"7923f83\" data-element_type=\"container\" data-e-type=\"container\">\n\t\t\t\t<div class=\"elementor-element elementor-element-6bef244 elementor-widget elementor-widget-shortcode\" data-id=\"6bef244\" data-element_type=\"widget\" data-e-type=\"widget\" data-widget_type=\"shortcode.default\">\n\t\t\t\t\t\t\t<div class=\"elementor-shortcode\"><!-- D\u00e9but de widget en ligne Calendly -->\n<div class=\"calendly-inline-widget\" data-url=\"https:\/\/calendly.com\/perfinnogac\/rdv-avec-un-expert-as-agri-agro?hide_event_type_details=1&hide_gdpr_banner=1\" style=\"min-width:320px;height:700px;\"><\/div>\n<script type=\"text\/javascript\" src=\"https:\/\/assets.calendly.com\/assets\/external\/widget.js\" async><\/script>\n<!-- Fin de widget en ligne Calendly --><\/div>\n\t\t\t\t\t\t<\/div>\n\t\t\t\t<\/div>\n\t\t\t\t<\/div>\n\t\t<div class=\"elementor-element elementor-element-6b52218 e-con-full e-flex e-con e-parent\" data-id=\"6b52218\" data-element_type=\"container\" data-e-type=\"container\">\n\t\t\t\t<div class=\"elementor-element elementor-element-e07d449 elementor-cta--skin-classic elementor-animated-content elementor-bg-transform elementor-bg-transform-zoom-in elementor-widget elementor-widget-call-to-action\" data-id=\"e07d449\" data-element_type=\"widget\" data-e-type=\"widget\" data-widget_type=\"call-to-action.default\">\n\t\t\t\t\t\t\t<div class=\"elementor-cta\">\n\t\t\t\t\t<div class=\"elementor-cta__bg-wrapper\">\n\t\t\t\t<div class=\"elementor-cta__bg elementor-bg\" style=\"background-image: url(https:\/\/group-gac.com\/wp-content\/uploads\/2023\/08\/accompagnement-1030x579.png);\" role=\"img\" aria-label=\"accompaniment.png\"><\/div>\n\t\t\t\t<div class=\"elementor-cta__bg-overlay\"><\/div>\n\t\t\t<\/div>\n\t\t\t\t\t\t\t<div class=\"elementor-cta__content\">\n\t\t\t\t\t\t\t\t\t<div class=\"elementor-content-item elementor-cta__content-item elementor-icon-wrapper elementor-cta__icon elementor-view-default\">\n\t\t\t\t\t\t<div class=\"elementor-icon\">\n\t\t\t\t\t\t\t<svg xmlns=\"http:\/\/www.w3.org\/2000\/svg\" viewbox=\"0 0 202.9 233\"><g id=\"Calque_2\" data-name=\"Calque 2\"><g id=\"Calque_1-2\" data-name=\"Calque 1\"><path d=\"M90.4,128.9l-.2-32.4.2-64.2L146.3,0,202,31.9V97.8l-27.1,15-21.6-12.5,27.6-15.2.1-39.9L146.4,25.3l-34.6,20-.1,39.9.1,31Z\" style=\"fill:#3687c4\"><\/path><path d=\"M119.2,88l28.2,16.1,55.5,32.3v64.5L147.3,233l-57-32.9V168.4l21.9-12.6-.4,32.5,34.5,20,34.5-20v-40l-34.5-20-26.9-15.4Z\" style=\"fill:#959dab\"><\/path><path d=\"M139.8,132.4l-28,16.4L56.1,180.7.2,148.5,0,84.3,57,51.4,84.1,67.7V92.8L56.6,77.1,22,97.2v38.5l34.6,20,34.6-19.9L118,120.2Z\" style=\"fill:#232954\"><\/path><path d=\"M162.6,95.2l21.7,12.4-9.3,5.2-21.6-12.6Z\" style=\"fill:#2a6cad\"><\/path><path d=\"M90.3,168.4l21.9-12.7-.2,11.9L90.3,179.1Z\" style=\"fill:#6f767f\"><\/path><path d=\"M73.8,86.7V61.4l10.4,6.3v25Z\" style=\"fill:#14162d\"><\/path><\/g><\/g><\/svg>\t\t\t\t\t\t<\/div>\n\t\t\t\t\t<\/div>\n\t\t\t\t\n\t\t\t\t\n\t\t\t\t\t\t\t\t\t<div class=\"elementor-cta__description elementor-cta__content-item elementor-content-item\">\n\t\t\t\t\t\tAccelerate your projects and your innovation by taking advantage of public grants and subsidies!\n\t\t\t\t\t<\/div>\n\t\t\t\t\n\t\t\t\t\t\t\t\t\t<div class=\"elementor-cta__button-wrapper elementor-cta__content-item elementor-content-item\">\n\t\t\t\t\t<a class=\"elementor-cta__button elementor-button elementor-size-\" href=\"https:\/\/group-gac.com\/en\/service\/aid-and-subsidies\/\">\n\t\t\t\t\t\tDiscover our support\t\t\t\t\t<\/a>\n\t\t\t\t\t<\/div>\n\t\t\t\t\t\t\t<\/div>\n\t\t\t\t\t\t<\/div>\n\t\t\t\t\t\t<\/div>\n\t\t\t\t<\/div>\n\t\t\t\t<\/div>","protected":false},"excerpt":{"rendered":"<p>Qu&rsquo;est-ce que l&rsquo;appel \u00e0 projets R\u00e9silience et Capacit\u00e9s Agroalimentaires 2030 (RCA) ? L\u2019appel \u00e0 projets RCA cible l\u2019enjeu de la souverainet\u00e9 agroalimentaire fran\u00e7aise et de la transition agro\u00e9cologique des fili\u00e8res. Il finance en premier lieu des investissements industriels pour l\u2019industrialisation de solutions ou proc\u00e9d\u00e9s innovants, ou la mise en place de capacit\u00e9s industrielles strat\u00e9giques, au [&hellip;]<\/p>\n","protected":false},"author":43,"featured_media":147903,"comment_status":"closed","ping_status":"closed","sticky":false,"template":"","format":"standard","meta":{"_acf_changed":false,"_seopress_robots_primary_cat":"none","_seopress_titles_title":"Relance de l\u2019AAP : R\u00e9silience et Capacit\u00e9s Agroalimentaires 2030","_seopress_titles_desc":"Remplissez-vous les crit\u00e8res d'\u00e9ligibilit\u00e9 de l'appel \u00e0 projets R\u00e9silience et Capacit\u00e9s Agroalimentaires ? D\u00e9couvrez-en plus dans notre article !","_seopress_robots_index":"","site-sidebar-layout":"default","site-content-layout":"","ast-site-content-layout":"default","site-content-style":"default","site-sidebar-style":"default","ast-global-header-display":"","ast-banner-title-visibility":"","ast-main-header-display":"","ast-hfb-above-header-display":"","ast-hfb-below-header-display":"","ast-hfb-mobile-header-display":"","site-post-title":"","ast-breadcrumbs-content":"","ast-featured-img":"","footer-sml-layout":"","ast-disable-related-posts":"","theme-transparent-header-meta":"","adv-header-id-meta":"","stick-header-meta":"","header-above-stick-meta":"","header-main-stick-meta":"","header-below-stick-meta":"","astra-migrate-meta-layouts":"set","ast-page-background-enabled":"default","ast-page-background-meta":{"desktop":{"background-color":"var(--ast-global-color-4)","background-image":"","background-repeat":"repeat","background-position":"center center","background-size":"auto","background-attachment":"scroll","background-type":"","background-media":"","overlay-type":"","overlay-color":"","overlay-opacity":"","overlay-gradient":""},"tablet":{"background-color":"","background-image":"","background-repeat":"repeat","background-position":"center center","background-size":"auto","background-attachment":"scroll","background-type":"","background-media":"","overlay-type":"","overlay-color":"","overlay-opacity":"","overlay-gradient":""},"mobile":{"background-color":"","background-image":"","background-repeat":"repeat","background-position":"center center","background-size":"auto","background-attachment":"scroll","background-type":"","background-media":"","overlay-type":"","overlay-color":"","overlay-opacity":"","overlay-gradient":""}},"ast-content-background-meta":{"desktop":{"background-color":"var(--ast-global-color-5)","background-image":"","background-repeat":"repeat","background-position":"center center","background-size":"auto","background-attachment":"scroll","background-type":"","background-media":"","overlay-type":"","overlay-color":"","overlay-opacity":"","overlay-gradient":""},"tablet":{"background-color":"var(--ast-global-color-5)","background-image":"","background-repeat":"repeat","background-position":"center center","background-size":"auto","background-attachment":"scroll","background-type":"","background-media":"","overlay-type":"","overlay-color":"","overlay-opacity":"","overlay-gradient":""},"mobile":{"background-color":"var(--ast-global-color-5)","background-image":"","background-repeat":"repeat","background-position":"center center","background-size":"auto","background-attachment":"scroll","background-type":"","background-media":"","overlay-type":"","overlay-color":"","overlay-opacity":"","overlay-gradient":""}},"footnotes":""},"categories":[14],"tags":[],"business_unit":[751],"offre":[882],"secteur":[617],"class_list":["post-147900","post","type-post","status-publish","format-standard","has-post-thumbnail","hentry","category-actualites","business_unit-innovation","offre-aides-et-subventions","secteur-agroalimentaire"],"acf":{"home_slider":"Non","filtre_secteurs":[]},"_links":{"self":[{"href":"https:\/\/group-gac.com\/en\/wp-json\/wp\/v2\/posts\/147900","targetHints":{"allow":["GET"]}}],"collection":[{"href":"https:\/\/group-gac.com\/en\/wp-json\/wp\/v2\/posts"}],"about":[{"href":"https:\/\/group-gac.com\/en\/wp-json\/wp\/v2\/types\/post"}],"author":[{"embeddable":true,"href":"https:\/\/group-gac.com\/en\/wp-json\/wp\/v2\/users\/43"}],"replies":[{"embeddable":true,"href":"https:\/\/group-gac.com\/en\/wp-json\/wp\/v2\/comments?post=147900"}],"version-history":[{"count":0,"href":"https:\/\/group-gac.com\/en\/wp-json\/wp\/v2\/posts\/147900\/revisions"}],"wp:featuredmedia":[{"embeddable":true,"href":"https:\/\/group-gac.com\/en\/wp-json\/wp\/v2\/media\/147903"}],"wp:attachment":[{"href":"https:\/\/group-gac.com\/en\/wp-json\/wp\/v2\/media?parent=147900"}],"wp:term":[{"taxonomy":"category","embeddable":true,"href":"https:\/\/group-gac.com\/en\/wp-json\/wp\/v2\/categories?post=147900"},{"taxonomy":"post_tag","embeddable":true,"href":"https:\/\/group-gac.com\/en\/wp-json\/wp\/v2\/tags?post=147900"},{"taxonomy":"business_unit","embeddable":true,"href":"https:\/\/group-gac.com\/en\/wp-json\/wp\/v2\/business_unit?post=147900"},{"taxonomy":"offre","embeddable":true,"href":"https:\/\/group-gac.com\/en\/wp-json\/wp\/v2\/offre?post=147900"},{"taxonomy":"secteur","embeddable":true,"href":"https:\/\/group-gac.com\/en\/wp-json\/wp\/v2\/secteur?post=147900"}],"curies":[{"name":"wp","href":"https:\/\/api.w.org\/{rel}","templated":true}]}}