{"id":487239,"date":"2026-09-03T09:54:12","date_gmt":"2026-09-03T07:54:12","guid":{"rendered":"https:\/\/group-gac.com\/?p=487239"},"modified":"2026-09-03T09:54:17","modified_gmt":"2026-09-03T07:54:17","slug":"france-2030-regionalise-investissements-productifs-industrie","status":"publish","type":"post","link":"https:\/\/group-gac.com\/en\/france-2030-regionalise-investissements-productifs-industrie\/","title":{"rendered":"France 2030 r\u00e9gionalis\u00e9 : un nouveau financement pour les investissements productifs des industriels se d\u00e9ploie dans les r\u00e9gions"},"content":{"rendered":"\t\t<div data-elementor-type=\"wp-post\" data-elementor-id=\"487239\" class=\"elementor elementor-487239\" data-elementor-post-type=\"post\">\n\t\t\t\t<div class=\"elementor-element elementor-element-fd3d158 e-con-full e-flex e-con e-child\" data-id=\"fd3d158\" data-element_type=\"container\" data-e-type=\"container\">\n\t\t<div class=\"elementor-element elementor-element-93f41ef e-con-full e-flex e-con e-child\" data-id=\"93f41ef\" data-element_type=\"container\" data-e-type=\"container\">\n\t\t\t\t<div class=\"elementor-element elementor-element-83aaceb elementor-widget__width-initial elementor-widget elementor-widget-text-editor\" data-id=\"83aaceb\" data-element_type=\"widget\" data-e-type=\"widget\" data-widget_type=\"text-editor.default\">\n\t\t\t\t\t\t\t\t\t<p>Intitul\u00e9 <strong>\u00ab Projets de modernisation et d\u2019adoption de technologies avanc\u00e9es \u00bb<\/strong>, ce 5<sup>e<\/sup> axe vise \u00e0 soutenir les investissements des <strong>TPE, PME et ETI industrielles<\/strong> dans leurs outils et proc\u00e9d\u00e9s de production : robotisation, automatisation, \u00e9quipements industriels connect\u00e9s, logiciels de production, nouvelles capacit\u00e9s industrielles ou encore diversification d\u2019activit\u00e9.<\/p>\n<p>Le <strong>Grand Est est la premi\u00e8re r\u00e9gion \u00e0 lancer officiellement le dispositif<\/strong>, avec une ouverture des d\u00e9p\u00f4ts pr\u00e9vue le <strong>1<sup>er<\/sup> octobre 2026<\/strong>. D\u2019autres r\u00e9gions vont suivre progressivement. Le Gouvernement pr\u00e9voit un d\u00e9ploiement dans les autres territoires \u00e0 compter de la rentr\u00e9e 2026, avec une \u00e9ch\u00e9ance au plus tard fin 2027.<\/p>\n<p>En <strong>Pays de la Loire<\/strong>, le lancement est actuellement en pr\u00e9paration : une ouverture est envisag\u00e9e au <strong>1<sup>er<\/sup> novembre 2026<\/strong>, avec une enveloppe de <strong>3 millions d\u2019euros<\/strong>, sous r\u00e9serve de la finalisation du conventionnement entre l\u2019\u00c9tat et la R\u00e9gion.<\/p>\n<p>Pour les entreprises industrielles ayant des projets d\u2019investissement \u00e0 court ou moyen terme, <strong>l\u2019enjeu est donc d\u2019identifier d\u00e8s maintenant les projets susceptibles d\u2019entrer dans ce nouveau dispositif<\/strong>, sans attendre n\u00e9cessairement la publication de l\u2019appel \u00e0 projets de leur r\u00e9gion.<\/p>\t\t\t\t\t\t\t\t<\/div>\n\t\t<div class=\"elementor-element elementor-element-d77c0fd e-con-full e-flex e-con e-child\" data-id=\"d77c0fd\" data-element_type=\"container\" data-e-type=\"container\" data-settings=\"{&quot;background_background&quot;:&quot;classic&quot;}\">\n\t\t\t\t<div class=\"elementor-element elementor-element-73aad6e elementor-widget__width-initial elementor-widget elementor-widget-text-editor\" data-id=\"73aad6e\" data-element_type=\"widget\" data-e-type=\"widget\" data-widget_type=\"text-editor.default\">\n\t\t\t\t\t\t\t\t\t<div class=\"encart-alerte\">\n<div class=\"encart-essentiel\">\n<div class=\"conviction-block\">\n<div class=\"piece-card\">\n<div class=\"piece-card\">\n<div class=\"cat-card\">\n<div class=\"quote-card\">\n<div class=\"suggestion-text\">\n<div class=\"pillar-callout reveal in-view\">\n<p><strong>Votre projet d\u2019investissement peut-il \u00eatre financ\u00e9 dans votre r\u00e9gion ?<\/strong><\/p>\n<\/div>\n<\/div>\n<\/div>\n<\/div>\n<\/div>\n<\/div>\n<\/div>\n<\/div>\n<\/div>\t\t\t\t\t\t\t\t<\/div>\n\t\t\t\t<div class=\"elementor-element elementor-element-420d94c elementor-widget elementor-widget-button\" data-id=\"420d94c\" data-element_type=\"widget\" data-e-type=\"widget\" data-widget_type=\"button.default\">\n\t\t\t\t\t\t\t\t\t\t<a class=\"elementor-button elementor-button-link elementor-size-sm\" href=\"https:\/\/calendly.com\/perfinnogac\/rdv-avec-un-expert-france2030-region\" target=\"_blank\">\n\t\t\t\t\t\t<span class=\"elementor-button-content-wrapper\">\n\t\t\t\t\t\t\t\t\t<span class=\"elementor-button-text\">Interrogez nos experts<\/span>\n\t\t\t\t\t<\/span>\n\t\t\t\t\t<\/a>\n\t\t\t\t\t\t\t\t<\/div>\n\t\t\t\t<\/div>\n\t\t\t\t<div class=\"elementor-element elementor-element-3652512 elementor-widget elementor-widget-heading\" data-id=\"3652512\" data-element_type=\"widget\" data-e-type=\"widget\" id=\"Titre1\" data-widget_type=\"heading.default\">\n\t\t\t\t\t<h2 class=\"elementor-heading-title elementor-size-default\">Un 5e axe de France 2030 d\u00e9di\u00e9 \u00e0 la modernisation de l\u2019industrie<\/h2>\t\t\t\t<\/div>\n\t\t\t\t<div class=\"elementor-element elementor-element-c4fa6fa elementor-widget__width-initial elementor-widget elementor-widget-text-editor\" data-id=\"c4fa6fa\" data-element_type=\"widget\" data-e-type=\"widget\" data-widget_type=\"text-editor.default\">\n\t\t\t\t\t\t\t\t\t<section id=\"enjeu\" class=\"block\">\n<p>Jusqu\u2019\u00e0 pr\u00e9sent, France 2030 r\u00e9gionalis\u00e9 reposait principalement sur quatre axes consacr\u00e9s aux <strong><a href=\"https:\/\/group-gac.com\/france-2030-soutien-regional-entreprises-innovantes\/\" target=\"_blank\" rel=\"noopener\">projets d\u2019innovation<\/a><\/strong>, aux projets collaboratifs de R&amp;D, aux fili\u00e8res et \u00e0 la formation.<\/p>\n<p>Un <strong>cinqui\u00e8me axe<\/strong> a \u00e9t\u00e9 ajout\u00e9 en 2026 afin de r\u00e9pondre plus directement aux <strong>besoins d\u2019investissement productif des entreprises industrielles<\/strong>. Sa cr\u00e9ation a \u00e9t\u00e9 inscrite dans le cadre national de France 2030 r\u00e9gionalis\u00e9 par un avenant publi\u00e9 au Journal officiel en mai 2026.<\/p>\n<p>L\u2019objectif est clairement industriel : accompagner la transformation des outils de production et renforcer la <strong>comp\u00e9titivit\u00e9, la r\u00e9silience, la souverainet\u00e9 et la soutenabilit\u00e9<\/strong> des entreprises. Le dispositif repose sur un principe caract\u00e9ristique de France 2030 r\u00e9gionalis\u00e9 : un <strong>cofinancement entre l\u2019\u00c9tat et les R\u00e9gions<\/strong>, avec des modalit\u00e9s adapt\u00e9es aux priorit\u00e9s \u00e9conomiques de chaque territoire.<\/p>\n<p>Cela signifie qu\u2019un socle commun existe au niveau national, mais que <strong>les enveloppes disponibles, les fili\u00e8res prioritaires, les taux d\u2019intervention ou encore le calendrier de d\u00e9p\u00f4t pourront varier d\u2019une r\u00e9gion \u00e0 l\u2019autre<\/strong>.<\/p>\n<\/section>\t\t\t\t\t\t\t\t<\/div>\n\t\t\t\t<div class=\"elementor-element elementor-element-85d3e7d elementor-widget elementor-widget-heading\" data-id=\"85d3e7d\" data-element_type=\"widget\" data-e-type=\"widget\" id=\"Titre2\" data-widget_type=\"heading.default\">\n\t\t\t\t\t<h2 class=\"elementor-heading-title elementor-size-default\">Quels investissements industriels pourront \u00eatre financ\u00e9s ?<\/h2>\t\t\t\t<\/div>\n\t\t\t\t<div class=\"elementor-element elementor-element-214838a elementor-widget__width-initial elementor-widget elementor-widget-text-editor\" data-id=\"214838a\" data-element_type=\"widget\" data-e-type=\"widget\" data-widget_type=\"text-editor.default\">\n\t\t\t\t\t\t\t\t\t<div id=\"model-response-message-contentr_625f2e3327fd42d8\" class=\"markdown markdown-main-panel enable-updated-hr-color\" dir=\"ltr\" aria-live=\"polite\" aria-busy=\"false\">\n<p>Le nouveau dispositif distingue deux grandes cat\u00e9gories de projets.<\/p>\n<\/div>\t\t\t\t\t\t\t\t<\/div>\n\t\t\t\t<div class=\"elementor-element elementor-element-5f37e9e elementor-widget elementor-widget-heading\" data-id=\"5f37e9e\" data-element_type=\"widget\" data-e-type=\"widget\" data-widget_type=\"heading.default\">\n\t\t\t\t\t<h3 class=\"elementor-heading-title elementor-size-default\">Transformation de l\u2019outil industriel et adoption de technologies avanc\u00e9es<\/h3>\t\t\t\t<\/div>\n\t\t\t\t<div class=\"elementor-element elementor-element-0ff1d34 elementor-widget__width-initial elementor-widget elementor-widget-text-editor\" data-id=\"0ff1d34\" data-element_type=\"widget\" data-e-type=\"widget\" data-widget_type=\"text-editor.default\">\n\t\t\t\t\t\t\t\t\t<div id=\"model-response-message-contentr_625f2e3327fd42d8\" class=\"markdown markdown-main-panel enable-updated-hr-color\" dir=\"ltr\" aria-live=\"polite\" aria-busy=\"false\">\n<p>Le premier volet vise l\u2019acquisition d\u2019\u00e9quipements et de solutions num\u00e9riques capables de transformer significativement le processus de production.<\/p>\n<p>Il peut notamment concerner la <strong>robotisation et la cobotique, l\u2019automatisation, les \u00e9quipements industriels connect\u00e9s, les logiciels de gestion ou de pilotage de la production, les technologies de collecte et de traitement des donn\u00e9es ou encore certaines solutions de cybers\u00e9curit\u00e9 industrielle<\/strong>.<\/p>\n<p>Dans le cahier des charges publi\u00e9 en Grand Est, les projets doivent pr\u00e9senter une r\u00e9elle dimension transformante : le simple remplacement \u00e0 l\u2019identique d&rsquo;un \u00e9quipement existant n&rsquo;est pas vis\u00e9.<\/p>\n<p>Le cadre national pr\u00e9voit pour ce premier volet une assiette minimale de d\u00e9penses de :<\/p>\n<ul>\n<li><strong>100 000 \u20ac pour les PME<\/strong> ;<\/li>\n<li><strong>300 000 \u20ac pour les ETI<\/strong> en France hexagonale.<\/li>\n<\/ul>\n<p>Des seuils sp\u00e9cifiques plus faibles sont pr\u00e9vus en Corse et dans les territoires ultramarins.<\/p>\n<\/div>\t\t\t\t\t\t\t\t<\/div>\n\t\t\t\t<div class=\"elementor-element elementor-element-e726b7d elementor-widget elementor-widget-heading\" data-id=\"e726b7d\" data-element_type=\"widget\" data-e-type=\"widget\" data-widget_type=\"heading.default\">\n\t\t\t\t\t<h3 class=\"elementor-heading-title elementor-size-default\">Modernisation industrielle et investissements structurants<\/h3>\t\t\t\t<\/div>\n\t\t\t\t<div class=\"elementor-element elementor-element-4a607bf elementor-widget__width-initial elementor-widget elementor-widget-text-editor\" data-id=\"4a607bf\" data-element_type=\"widget\" data-e-type=\"widget\" data-widget_type=\"text-editor.default\">\n\t\t\t\t\t\t\t\t\t<p>Le deuxi\u00e8me volet concerne des investissements de plus grande ampleur pouvant notamment permettre :<\/p>\n<ul>\n<li>La modernisation profonde d\u2019une ligne de production ;<\/li>\n<li>L\u2019augmentation des capacit\u00e9s de production ;<\/li>\n<li>La diversification vers de nouveaux produits ;<\/li>\n<li>La cr\u00e9ation de nouvelles activit\u00e9s industrielles ;<\/li>\n<li>Selon les d\u00e9clinaisons r\u00e9gionales, la relocalisation ou la r\u00e9internalisation d\u2019activit\u00e9s.<\/li>\n<\/ul>\n<p>Pour ce volet, le cadre national pr\u00e9voit une <strong>assiette minimale de 400 000 \u20ac en France hexagonale<\/strong>.<\/p>\n<p>L\u2019enjeu n\u2019est donc pas uniquement de financer l\u2019achat d\u2019une nouvelle machine : l\u2019entreprise devra \u00eatre en mesure de d\u00e9montrer <strong>l\u2019impact du programme d\u2019investissement sur son activit\u00e9 et sa comp\u00e9titivit\u00e9 industrielle<\/strong>.<\/p>\t\t\t\t\t\t\t\t<\/div>\n\t\t<div class=\"elementor-element elementor-element-299c59e e-con-full e-flex e-con e-child\" data-id=\"299c59e\" data-element_type=\"container\" data-e-type=\"container\" data-settings=\"{&quot;background_background&quot;:&quot;classic&quot;}\">\n\t\t\t\t<div class=\"elementor-element elementor-element-c49e8e1 elementor-widget__width-initial elementor-widget elementor-widget-text-editor\" data-id=\"c49e8e1\" data-element_type=\"widget\" data-e-type=\"widget\" data-widget_type=\"text-editor.default\">\n\t\t\t\t\t\t\t\t\t<div class=\"encart-alerte\">\n<div class=\"encart-essentiel\">\n<div class=\"conviction-block\">\n<div class=\"piece-card\">\n<div class=\"piece-card\">\n<div class=\"cat-card\">\n<div class=\"quote-card\">\n<div class=\"suggestion-text\">\n<div class=\"pillar-callout reveal in-view\">\n<p><strong><a href=\"https:\/\/group-gac.com\/service\/aides-et-subventions\/\">V\u00e9rifiez l\u2019\u00e9ligibilit\u00e9 de votre projet avec nos experts \u2192<\/a><\/strong><\/p>\n<\/div>\n<\/div>\n<\/div>\n<\/div>\n<\/div>\n<\/div>\n<\/div>\n<\/div>\n<\/div>\t\t\t\t\t\t\t\t<\/div>\n\t\t\t\t<\/div>\n\t\t\t\t<div class=\"elementor-element elementor-element-37c29fd elementor-widget elementor-widget-heading\" data-id=\"37c29fd\" data-element_type=\"widget\" data-e-type=\"widget\" id=\"Titre3\" data-widget_type=\"heading.default\">\n\t\t\t\t\t<h2 class=\"elementor-heading-title elementor-size-default\">Quelles aides pour financer ces investissements productifs ?<\/h2>\t\t\t\t<\/div>\n\t\t\t\t<div class=\"elementor-element elementor-element-d011627 elementor-widget__width-initial elementor-widget elementor-widget-text-editor\" data-id=\"d011627\" data-element_type=\"widget\" data-e-type=\"widget\" data-widget_type=\"text-editor.default\">\n\t\t\t\t\t\t\t\t\t<p>Les modalit\u00e9s pr\u00e9cises vont \u00eatre d\u00e9finies par chaque d\u00e9clinaison r\u00e9gionale.<\/p>\n<p>Le <strong>Grand Est permet n\u00e9anmoins d\u2019avoir une premi\u00e8re indication de la m\u00e9canique du dispositif<\/strong>. Dans cette r\u00e9gion, le 5<sup>e<\/sup> axe mobilise une enveloppe de <strong>8 millions d\u2019euros<\/strong>, cofinanc\u00e9e par l\u2019\u00c9tat et la R\u00e9gion. Le cahier des charges pr\u00e9voit une aide vers\u00e9e sous forme de <strong>subvention<\/strong>, avec un taux indicatif pouvant repr\u00e9senter <strong>10 \u00e0 30 % des d\u00e9penses \u00e9ligibles<\/strong>, selon la nature du projet, l\u2019entreprise b\u00e9n\u00e9ficiaire et le r\u00e9gime d\u2019aide applicable. Pour le premier volet, les seuils d&rsquo;investissement sont fix\u00e9s \u00e0 100 000 \u20ac pour une PME et 300 000 \u20ac pour une ETI ; le second volet d\u00e9marre \u00e0 400 000 \u20ac de d\u00e9penses \u00e9ligibles.<\/p>\n<p>Ces taux <strong>ne doivent cependant pas \u00eatre extrapol\u00e9s automatiquement aux autres r\u00e9gions<\/strong> : leurs cahiers des charges pr\u00e9ciseront les modalit\u00e9s applicables localement.<\/p>\t\t\t\t\t\t\t\t<\/div>\n\t\t\t\t<div class=\"elementor-element elementor-element-2ec9967 elementor-widget elementor-widget-heading\" data-id=\"2ec9967\" data-element_type=\"widget\" data-e-type=\"widget\" id=\"Titre4\" data-widget_type=\"heading.default\">\n\t\t\t\t\t<h2 class=\"elementor-heading-title elementor-size-default\">Grand Est et Pays de la Loire : les premiers d\u00e9ploiements \u00e0 suivre<\/h2>\t\t\t\t<\/div>\n\t\t\t\t<div class=\"elementor-element elementor-element-cd59572 elementor-widget elementor-widget-heading\" data-id=\"cd59572\" data-element_type=\"widget\" data-e-type=\"widget\" data-widget_type=\"heading.default\">\n\t\t\t\t\t<h3 class=\"elementor-heading-title elementor-size-default\">Grand Est : ouverture le 1er octobre 2026<\/h3>\t\t\t\t<\/div>\n\t\t\t\t<div class=\"elementor-element elementor-element-1c3d97d elementor-widget__width-initial elementor-widget elementor-widget-text-editor\" data-id=\"1c3d97d\" data-element_type=\"widget\" data-e-type=\"widget\" data-widget_type=\"text-editor.default\">\n\t\t\t\t\t\t\t\t\t<p>Le Grand Est est la premi\u00e8re r\u00e9gion \u00e0 avoir publi\u00e9 son appel \u00e0 projets. Les d\u00e9p\u00f4ts pourront commencer \u00e0 compter du <strong>1<sup>er<\/sup> octobre 2026 via Bpifrance<\/strong>. Le dispositif est pr\u00e9vu jusqu\u2019au <strong>31 d\u00e9cembre 2027 ou jusqu\u2019\u00e0 \u00e9puisement des cr\u00e9dits disponibles<\/strong>.<\/p>\n<p>La R\u00e9gion donne notamment la priorit\u00e9 aux projets li\u00e9s aux industries m\u00e9tallurgiques et sid\u00e9rurgiques, \u00e0 la forge et \u00e0 la fonderie, aux secteurs contribuant \u00e0 la souverainet\u00e9 nationale \u2013 d\u00e9fense, nucl\u00e9aire, cybers\u00e9curit\u00e9 \u2013 ainsi qu\u2019aux projets de relocalisation ou de r\u00e9internalisation industrielle.<\/p>\t\t\t\t\t\t\t\t<\/div>\n\t\t\t\t<div class=\"elementor-element elementor-element-4ff313f elementor-widget elementor-widget-heading\" data-id=\"4ff313f\" data-element_type=\"widget\" data-e-type=\"widget\" data-widget_type=\"heading.default\">\n\t\t\t\t\t<h3 class=\"elementor-heading-title elementor-size-default\">Pays de la Loire : un lancement attendu \u00e0 l\u2019automne 2026<\/h3>\t\t\t\t<\/div>\n\t\t\t\t<div class=\"elementor-element elementor-element-98f225a elementor-widget__width-initial elementor-widget elementor-widget-text-editor\" data-id=\"98f225a\" data-element_type=\"widget\" data-e-type=\"widget\" data-widget_type=\"text-editor.default\">\n\t\t\t\t\t\t\t\t\t<p>Le <strong>5e axe France 2030 r\u00e9gionalis\u00e9 devrait \u00e9galement \u00eatre prochainement d\u00e9ploy\u00e9 en Pays de la Loire<\/strong>. \u00c0 ce stade, le cahier des charges d\u00e9finitif n\u2019a pas encore \u00e9t\u00e9 rendu public. Selon les informations recueillies par nos \u00e9quipes aupr\u00e8s de la R\u00e9gion, le conventionnement avec l\u2019\u00c9tat est en cours de r\u00e9daction.<\/p>\n<p>L\u2019ouverture du dispositif est envisag\u00e9e au <strong>1<sup>er<\/sup> novembre 2026<\/strong>, pour une p\u00e9riode pouvant aller jusqu\u2019\u00e0 fin 2027, avec une enveloppe annonc\u00e9e de <strong>3 millions d\u2019euros<\/strong>. Les taux d\u2019aide, les \u00e9ventuelles dates de rel\u00e8ve et les modalit\u00e9s pr\u00e9cises de s\u00e9lection restent encore \u00e0 confirmer.<\/p>\n<p>Compte tenu du montant limit\u00e9 de l\u2019enveloppe, les entreprises disposant d\u00e9j\u00e0 d\u2019un projet d\u2019investissement industriel suffisamment mature ont n\u00e9anmoins int\u00e9r\u00eat \u00e0 <strong>commencer \u00e0 structurer leur dossier avant l\u2019ouverture officielle<\/strong>.<\/p>\t\t\t\t\t\t\t\t<\/div>\n\t\t\t\t<div class=\"elementor-element elementor-element-c2ff0f2 elementor-widget elementor-widget-heading\" data-id=\"c2ff0f2\" data-element_type=\"widget\" data-e-type=\"widget\" id=\"Titre5\" data-widget_type=\"heading.default\">\n\t\t\t\t\t<h2 class=\"elementor-heading-title elementor-size-default\">Un d\u00e9ploiement progressif dans l\u2019ensemble des r\u00e9gions<\/h2>\t\t\t\t<\/div>\n\t\t\t\t<div class=\"elementor-element elementor-element-9044cdd elementor-widget__width-initial elementor-widget elementor-widget-text-editor\" data-id=\"9044cdd\" data-element_type=\"widget\" data-e-type=\"widget\" data-widget_type=\"text-editor.default\">\n\t\t\t\t\t\t\t\t\t<p>Grand Est et Pays de la Loire ne constituent que les premi\u00e8res d\u00e9clinaisons de ce nouveau financement. Le Gouvernement indique que le dispositif sera <strong>progressivement ouvert dans les autres r\u00e9gions \u00e0 partir de la rentr\u00e9e 2026 et jusqu\u2019au 31 d\u00e9cembre 2027 au plus tard<\/strong>.<\/p>\n<p>Les entreprises doivent cependant s\u2019attendre \u00e0 des diff\u00e9rences selon leur implantation g\u00e9ographique. Les R\u00e9gions pourront notamment pr\u00e9ciser leurs propres priorit\u00e9s sectorielles ou territoriales, tandis que les enveloppes, taux d\u2019aide, calendriers et modalit\u00e9s de s\u00e9lection pourront varier.<\/p>\n<p>Il devient donc pertinent de raisonner en deux \u00e9tapes : <strong>v\u00e9rifier d\u2019abord si le projet entre dans le cadre national du 5<sup>e<\/sup> axe, puis analyser les conditions sp\u00e9cifiques fix\u00e9es par la r\u00e9gion dans laquelle l\u2019investissement sera r\u00e9alis\u00e9.<\/strong><\/p>\n<p>Cet article sera mis \u00e0 jour au fur et \u00e0 mesure de la publication des diff\u00e9rents appels \u00e0 projets r\u00e9gionaux.<\/p>\t\t\t\t\t\t\t\t<\/div>\n\t\t<div class=\"elementor-element elementor-element-7a3a169 e-con-full e-flex e-con e-child\" data-id=\"7a3a169\" data-element_type=\"container\" data-e-type=\"container\" data-settings=\"{&quot;background_background&quot;:&quot;classic&quot;}\">\n\t\t\t\t<div class=\"elementor-element elementor-element-11fd7d8 elementor-widget__width-initial elementor-widget elementor-widget-text-editor\" data-id=\"11fd7d8\" data-element_type=\"widget\" data-e-type=\"widget\" data-widget_type=\"text-editor.default\">\n\t\t\t\t\t\t\t\t\t<div class=\"encart-alerte\">\n<div class=\"encart-essentiel\">\n<div class=\"conviction-block\">\n<div class=\"piece-card\">\n<div class=\"piece-card\">\n<div class=\"cat-card\">\n<div class=\"quote-card\">\n<div class=\"suggestion-text\">\n<div class=\"pillar-callout reveal in-view\">\n<p><strong><a href=\"https:\/\/group-gac.com\/service\/aides-et-subventions\/\">Anticipez l\u2019ouverture dans votre r\u00e9gion avec nos experts \u2192<\/a><\/strong><\/p>\n<\/div>\n<\/div>\n<\/div>\n<\/div>\n<\/div>\n<\/div>\n<\/div>\n<\/div>\n<\/div>\t\t\t\t\t\t\t\t<\/div>\n\t\t\t\t<\/div>\n\t\t\t\t<div class=\"elementor-element elementor-element-79820fa elementor-widget elementor-widget-heading\" data-id=\"79820fa\" data-element_type=\"widget\" data-e-type=\"widget\" id=\"Titre6\" data-widget_type=\"heading.default\">\n\t\t\t\t\t<h2 class=\"elementor-heading-title elementor-size-default\">Pourquoi anticiper d\u00e8s maintenant son projet d\u2019investissement ?<\/h2>\t\t\t\t<\/div>\n\t\t\t\t<div class=\"elementor-element elementor-element-4b7f812 elementor-widget__width-initial elementor-widget elementor-widget-text-editor\" data-id=\"4b7f812\" data-element_type=\"widget\" data-e-type=\"widget\" data-widget_type=\"text-editor.default\">\n\t\t\t\t\t\t\t\t\t<p>L\u2019ouverture progressive du dispositif ne signifie pas qu\u2019il faille attendre la publication du cahier des charges de sa r\u00e9gion pour commencer \u00e0 travailler. Au contraire, <strong>plusieurs \u00e9l\u00e9ments peuvent d\u00e9j\u00e0 \u00eatre pr\u00e9par\u00e9s<\/strong> : description du projet industriel, investissements envisag\u00e9s, devis pr\u00e9visionnels, calendrier, impacts attendus sur la productivit\u00e9 ou les capacit\u00e9s de production, trajectoire financi\u00e8re et contribution du projet \u00e0 la comp\u00e9titivit\u00e9 de l\u2019entreprise.<\/p>\n<p>Le cas du Grand Est rappelle \u00e9galement un point important : <strong>les investissements ne doivent pas \u00eatre engag\u00e9s avant le d\u00e9p\u00f4t de la demande d\u2019<\/strong><a href=\"https:\/\/group-gac.com\/service\/aides-et-subventions\/\"><strong>aide<\/strong><\/a>. Dans cette r\u00e9gion, un devis ou un bon de commande accept\u00e9 avant le d\u00e9p\u00f4t rend les d\u00e9penses concern\u00e9es in\u00e9ligibles.<\/p>\n<p>Une entreprise ayant un investissement programm\u00e9 pour 2026 ou 2027 a donc int\u00e9r\u00eat \u00e0 v\u00e9rifier son \u00e9ligibilit\u00e9 <strong>avant de contractualiser avec ses fournisseurs<\/strong>.<\/p>\t\t\t\t\t\t\t\t<\/div>\n\t\t\t\t<\/div>\n\t\t<div class=\"elementor-element elementor-element-5a95a06 e-con-full e-flex e-con e-child\" data-id=\"5a95a06\" data-element_type=\"container\" data-e-type=\"container\">\n\t\t\t\t<div class=\"elementor-element elementor-element-321aaff elementor-hidden-tablet elementor-hidden-mobile elementor-widget elementor-widget-html\" data-id=\"321aaff\" data-element_type=\"widget\" data-e-type=\"widget\" data-settings=\"{&quot;sticky&quot;:&quot;top&quot;,&quot;sticky_offset&quot;:80,&quot;sticky_parent&quot;:&quot;yes&quot;,&quot;sticky_on&quot;:[&quot;desktop&quot;,&quot;laptop&quot;,&quot;tablet&quot;,&quot;mobile&quot;],&quot;sticky_effects_offset&quot;:0,&quot;sticky_anchor_link_offset&quot;:0}\" data-widget_type=\"html.default\">\n\t\t\t\t\t<!-- Sommaire sticky \u2014 \u00e0 placer dans un widget HTML (jamais Texte) -->\r\n<link href=\"https:\/\/fonts.googleapis.com\/css2?family=Playfair+Display:wght@700&family=DM+Sans:wght@400;500;600&display=swap\" rel=\"stylesheet\">\r\n<nav id=\"custom-toc\">\r\n    <div class=\"toc-header\">Sommaire<\/div>\r\n    <ul>\r\n        <li><a href=\"#Titre1\" class=\"toc-link active\"><span class=\"toc-number\">01.<\/span> Un 5e axe de France 2030 d\u00e9di\u00e9 \u00e0 la modernisation de l\u2019industrie<\/a><\/li>\r\n        <li><a href=\"#Titre2\" class=\"toc-link\"><span class=\"toc-number\">02.<\/span> Quelles aides pour financer ces investissements productifs ?<\/a><\/li>\r\n        <li><a href=\"#Titre3\" class=\"toc-link\"><span class=\"toc-number\">03.<\/span> Un d\u00e9ploiement progressif dans l\u2019ensemble des r\u00e9gions<\/a><\/li>\r\n         <li><a href=\"#Titre4\" class=\"toc-link\"><span class=\"toc-number\">04.<\/span>Grand Est et Pays de la Loire : les premiers d\u00e9ploiements \u00e0 suivre<\/a><\/li>\r\n         <li><a href=\"#Titre5\" class=\"toc-link\"><span class=\"toc-number\">05.<\/span>Un d\u00e9ploiement progressif dans l\u2019ensemble des r\u00e9gions<\/a><\/li>\r\n         <li><a href=\"#Titre6\" class=\"toc-link\"><span class=\"toc-number\">06.<\/span>Pourquoi anticiper d\u00e8s maintenant son projet d\u2019investissement ?\r\n<\/a><\/li>\r\n<li><a href=\"#Titre7\" class=\"toc-link\"><span class=\"toc-number\">07.<\/span>FAQ\r\n<\/a><\/li>\r\n    <\/ul>\r\n<\/nav>\r\n<style>\r\n#custom-toc {\r\n    padding: 10px 20px;\r\n    border-left: 2px solid #E0E0E0;\r\n    max-width: 100%;\r\n}\r\n.toc-header {\r\n    font-size: 26px;\r\n    font-weight: 700;\r\n    color: #232954;\r\n    margin-bottom: 25px;\r\n    font-family: 'Playfair Display', serif;\r\n}\r\n#custom-toc ul {\r\n    list-style: none;\r\n    padding: 0;\r\n    margin: 0;\r\n}\r\n#custom-toc li {\r\n    margin-bottom: 20px;\r\n}\r\n.toc-link {\r\n    text-decoration: none !important;\r\n    color: #CED4DA !important;\r\n    font-family: 'DM Sans', sans-serif !important;\r\n    font-size: 20px !important;\r\n    line-height: 1.2 !important;\r\n    transition: all 0.3s ease !important;\r\n    display: block !important;\r\n    position: relative !important;\r\n}\r\n.toc-number {\r\n    display: block;\r\n    font-weight: 700;\r\n    font-size: 16px;\r\n    margin-bottom: 5px;\r\n}\r\n.toc-link.active {\r\n    color: #232954 !important;\r\n}\r\n.toc-link.active::before {\r\n    content: \"\";\r\n    position: absolute;\r\n    left: -22px;\r\n    top: 0;\r\n    height: 100%;\r\n    width: 4px;\r\n    background-color: #ECBE16;\r\n}\r\n.toc-link:hover {\r\n    color: #ECBE16 !important;\r\n}\r\nhtml {\r\n    scroll-behavior: smooth;\r\n    scroll-padding-top: 100px;\r\n}\r\n<\/style>\r\n<script>\r\nwindow.addEventListener('DOMContentLoaded', () => {\r\n    const tocLinks = document.querySelectorAll('.toc-link');\r\n    const sections = document.querySelectorAll('h2[id]');\r\n    const observerOptions = {\r\n        root: null,\r\n        rootMargin: '0px 0px -70% 0px',\r\n        threshold: 0\r\n    };\r\n    const updateActiveLink = (id) => {\r\n        tocLinks.forEach(link => {\r\n            link.classList.remove('active');\r\n            if (link.getAttribute('href') === `#${id}`) {\r\n                link.classList.add('active');\r\n            }\r\n        });\r\n    };\r\n    const observer = new IntersectionObserver(entries => {\r\n        entries.forEach(entry => {\r\n            if (entry.isIntersecting) {\r\n                updateActiveLink(entry.target.id);\r\n            }\r\n        });\r\n    }, observerOptions);\r\n    sections.forEach(section => observer.observe(section));\r\n    tocLinks.forEach(link => {\r\n        link.addEventListener('click', () => {\r\n            const id = link.getAttribute('href').substring(1);\r\n            setTimeout(() => updateActiveLink(id), 100);\r\n        });\r\n    });\r\n});\r\n<\/script>\t\t\t\t<\/div>\n\t\t\t\t<\/div>\n\t\t\t\t<\/div>\n\t\t<div class=\"elementor-element elementor-element-12f47ef e-flex e-con-boxed e-con e-parent\" data-id=\"12f47ef\" data-element_type=\"container\" data-e-type=\"container\" data-settings=\"{&quot;background_background&quot;:&quot;classic&quot;}\">\n\t\t\t\t\t<div class=\"e-con-inner\">\n\t\t\t\t<div class=\"elementor-element elementor-element-c6d4536 elementor-widget elementor-widget-heading\" data-id=\"c6d4536\" data-element_type=\"widget\" data-e-type=\"widget\" data-widget_type=\"heading.default\">\n\t\t\t\t\t<p class=\"elementor-heading-title elementor-size-default\">Passez \u00e0 l'action<\/p>\t\t\t\t<\/div>\n\t\t\t\t<div class=\"elementor-element elementor-element-26c895a elementor-widget__width-initial elementor-widget elementor-widget-heading\" data-id=\"26c895a\" data-element_type=\"widget\" data-e-type=\"widget\" data-widget_type=\"heading.default\">\n\t\t\t\t\t<h2 class=\"elementor-heading-title elementor-size-default\">Vous pr\u00e9voyez de moderniser votre outil industriel, d\u2019automatiser une ligne de production ou d\u2019investir dans de nouvelles capacit\u00e9s ?<\/h2>\t\t\t\t<\/div>\n\t\t\t\t<div class=\"elementor-element elementor-element-0ad381c elementor-widget elementor-widget-text-editor\" data-id=\"0ad381c\" data-element_type=\"widget\" data-e-type=\"widget\" data-widget_type=\"text-editor.default\">\n\t\t\t\t\t\t\t\t\t<div id=\"vis-container\" class=\"\">\n<div class=\"article-body\">\n<p>Les experts en financements publics de G.A.C. Group peuvent analyser votre projet, identifier les dispositifs mobilisables et anticiper l\u2019ouverture du 5e axe France 2030 dans votre r\u00e9gion.<\/p>\n<\/div>\n<\/div>\t\t\t\t\t\t\t\t<\/div>\n\t\t<div class=\"elementor-element elementor-element-b854cef e-con-full e-flex e-con e-child\" data-id=\"b854cef\" data-element_type=\"container\" data-e-type=\"container\">\n\t\t\t\t<div class=\"elementor-element elementor-element-c9dcb82 elementor-align-center elementor-widget elementor-widget-button\" data-id=\"c9dcb82\" data-element_type=\"widget\" data-e-type=\"widget\" data-widget_type=\"button.default\">\n\t\t\t\t\t\t\t\t\t\t<a class=\"elementor-button elementor-button-link elementor-size-sm\" href=\"https:\/\/calendly.com\/perfinnogac\/rdv-avec-un-expert-france2030-region\" target=\"_blank\">\n\t\t\t\t\t\t<span class=\"elementor-button-content-wrapper\">\n\t\t\t\t\t\t\t\t\t<span class=\"elementor-button-text\">Prenez RDV avec un expert<\/span>\n\t\t\t\t\t<\/span>\n\t\t\t\t\t<\/a>\n\t\t\t\t\t\t\t\t<\/div>\n\t\t\t\t<\/div>\n\t\t\t\t\t<\/div>\n\t\t\t\t<\/div>\n\t\t<div class=\"elementor-element elementor-element-4cb31d3 e-con-full e-flex e-con e-parent\" data-id=\"4cb31d3\" data-element_type=\"container\" data-e-type=\"container\" data-settings=\"{&quot;background_background&quot;:&quot;classic&quot;}\">\n\t\t\t\t<div class=\"elementor-element elementor-element-3c73135 elementor-widget elementor-widget-heading\" data-id=\"3c73135\" data-element_type=\"widget\" data-e-type=\"widget\" id=\"Titre7\" data-widget_type=\"heading.default\">\n\t\t\t\t\t<h2 class=\"elementor-heading-title elementor-size-default\">FAQ \u2013 France 2030 r\u00e9gionalis\u00e9 et investissements productifs<\/h2>\t\t\t\t<\/div>\n\t\t\t\t<div class=\"elementor-element elementor-element-84bdd72 elementor-widget elementor-widget-n-accordion\" data-id=\"84bdd72\" data-element_type=\"widget\" data-e-type=\"widget\" data-settings=\"{&quot;default_state&quot;:&quot;expanded&quot;,&quot;max_items_expended&quot;:&quot;one&quot;,&quot;n_accordion_animation_duration&quot;:{&quot;unit&quot;:&quot;ms&quot;,&quot;size&quot;:400,&quot;sizes&quot;:[]}}\" data-widget_type=\"nested-accordion.default\">\n\t\t\t\t\t\t\t<div class=\"e-n-accordion\" aria-label=\"Accordion. Open links with Enter or Space, close with Escape, and navigate with Arrow Keys\">\n\t\t\t\t\t\t<details id=\"e-n-accordion-item-1390\" class=\"e-n-accordion-item\" open>\n\t\t\t\t<summary class=\"e-n-accordion-item-title\" data-accordion-index=\"1\" tabindex=\"0\" aria-expanded=\"true\" aria-controls=\"e-n-accordion-item-1390\" >\n\t\t\t\t\t<span class='e-n-accordion-item-title-header'><div class=\"e-n-accordion-item-title-text\"> Qu\u2019est-ce que le 5e axe France 2030 r\u00e9gionalis\u00e9 ? <\/div><\/span>\n\t\t\t\t\t\t\t\t\t<\/summary>\n\t\t\t\t<div role=\"region\" aria-labelledby=\"e-n-accordion-item-1390\" class=\"elementor-element elementor-element-bde72c7 e-con-full e-flex e-con e-child\" data-id=\"bde72c7\" data-element_type=\"container\" data-e-type=\"container\">\n\t\t\t\t<div class=\"elementor-element elementor-element-3152d61 elementor-widget elementor-widget-text-editor\" data-id=\"3152d61\" data-element_type=\"widget\" data-e-type=\"widget\" data-widget_type=\"text-editor.default\">\n\t\t\t\t\t\t\t\t\t<p>Le 5<sup>e<\/sup> axe, intitul\u00e9 \u00ab Projets de modernisation et d\u2019adoption de technologies avanc\u00e9es \u00bb, est un nouveau dispositif destin\u00e9 \u00e0 soutenir les investissements productifs et la modernisation des entreprises industrielles. Son d\u00e9ploiement a commenc\u00e9 en 2026 et doit progressivement concerner les diff\u00e9rentes r\u00e9gions fran\u00e7aises.<\/p>\t\t\t\t\t\t\t\t<\/div>\n\t\t\t\t<\/div>\n\t\t\t\t\t<\/details>\n\t\t\t\t\t\t<details id=\"e-n-accordion-item-1391\" class=\"e-n-accordion-item\" >\n\t\t\t\t<summary class=\"e-n-accordion-item-title\" data-accordion-index=\"2\" tabindex=\"-1\" aria-expanded=\"false\" aria-controls=\"e-n-accordion-item-1391\" >\n\t\t\t\t\t<span class='e-n-accordion-item-title-header'><div class=\"e-n-accordion-item-title-text\"> Quelles entreprises peuvent b\u00e9n\u00e9ficier de cette aide ? <\/div><\/span>\n\t\t\t\t\t\t\t\t\t<\/summary>\n\t\t\t\t<div role=\"region\" aria-labelledby=\"e-n-accordion-item-1391\" class=\"elementor-element elementor-element-68163bc e-con-full e-flex e-con e-child\" data-id=\"68163bc\" data-element_type=\"container\" data-e-type=\"container\">\n\t\t\t\t<div class=\"elementor-element elementor-element-6e34a86 elementor-widget elementor-widget-text-editor\" data-id=\"6e34a86\" data-element_type=\"widget\" data-e-type=\"widget\" data-widget_type=\"text-editor.default\">\n\t\t\t\t\t\t\t\t\t<p>Le dispositif cible les TPE, PME et ETI industrielles. Les crit\u00e8res pr\u00e9cis d\u2019\u00e9ligibilit\u00e9 et les secteurs \u00e9ventuellement prioritaires sont d\u00e9finis dans chaque appel \u00e0 projets r\u00e9gional.<\/p>\t\t\t\t\t\t\t\t<\/div>\n\t\t\t\t<\/div>\n\t\t\t\t\t<\/details>\n\t\t\t\t\t\t<details id=\"e-n-accordion-item-1392\" class=\"e-n-accordion-item\" >\n\t\t\t\t<summary class=\"e-n-accordion-item-title\" data-accordion-index=\"3\" tabindex=\"-1\" aria-expanded=\"false\" aria-controls=\"e-n-accordion-item-1392\" >\n\t\t\t\t\t<span class='e-n-accordion-item-title-header'><div class=\"e-n-accordion-item-title-text\"> Quels investissements peuvent \u00eatre financ\u00e9s ? <\/div><\/span>\n\t\t\t\t\t\t\t\t\t<\/summary>\n\t\t\t\t<div role=\"region\" aria-labelledby=\"e-n-accordion-item-1392\" class=\"elementor-element elementor-element-036f000 e-con-full e-flex e-con e-child\" data-id=\"036f000\" data-element_type=\"container\" data-e-type=\"container\">\n\t\t\t\t<div class=\"elementor-element elementor-element-f0baf53 elementor-widget elementor-widget-text-editor\" data-id=\"f0baf53\" data-element_type=\"widget\" data-e-type=\"widget\" data-widget_type=\"text-editor.default\">\n\t\t\t\t\t\t\t\t\t<p>Le dispositif peut notamment soutenir des investissements dans des \u00e9quipements de production, la robotisation, l\u2019automatisation, les technologies industrielles avanc\u00e9es et certaines solutions num\u00e9riques. Il peut \u00e9galement accompagner des investissements industriels plus importants visant la modernisation, l\u2019augmentation des capacit\u00e9s ou la diversification de la production.<\/p>\t\t\t\t\t\t\t\t<\/div>\n\t\t\t\t<\/div>\n\t\t\t\t\t<\/details>\n\t\t\t\t\t\t<details id=\"e-n-accordion-item-1393\" class=\"e-n-accordion-item\" >\n\t\t\t\t<summary class=\"e-n-accordion-item-title\" data-accordion-index=\"4\" tabindex=\"-1\" aria-expanded=\"false\" aria-controls=\"e-n-accordion-item-1393\" >\n\t\t\t\t\t<span class='e-n-accordion-item-title-header'><div class=\"e-n-accordion-item-title-text\"> Quel est le taux de subvention du 5e axe France 2030 ? <\/div><\/span>\n\t\t\t\t\t\t\t\t\t<\/summary>\n\t\t\t\t<div role=\"region\" aria-labelledby=\"e-n-accordion-item-1393\" class=\"elementor-element elementor-element-8f3c10f e-flex e-con-boxed e-con e-child\" data-id=\"8f3c10f\" data-element_type=\"container\" data-e-type=\"container\">\n\t\t\t\t\t<div class=\"e-con-inner\">\n\t\t\t\t<div class=\"elementor-element elementor-element-c15aa77 elementor-widget elementor-widget-text-editor\" data-id=\"c15aa77\" data-element_type=\"widget\" data-e-type=\"widget\" data-widget_type=\"text-editor.default\">\n\t\t\t\t\t\t\t\t\t<p>Le taux d\u00e9pendra de la d\u00e9clinaison r\u00e9gionale et du projet. Dans le Grand Est, le taux indicatif annonc\u00e9 est compris entre 10 et 30 % des d\u00e9penses \u00e9ligibles. Ce taux ne peut pas \u00eatre consid\u00e9r\u00e9 comme acquis dans les autres r\u00e9gions.<\/p>\t\t\t\t\t\t\t\t<\/div>\n\t\t\t\t\t<\/div>\n\t\t\t\t<\/div>\n\t\t\t\t\t<\/details>\n\t\t\t\t\t\t<details id=\"e-n-accordion-item-1394\" class=\"e-n-accordion-item\" >\n\t\t\t\t<summary class=\"e-n-accordion-item-title\" data-accordion-index=\"5\" tabindex=\"-1\" aria-expanded=\"false\" aria-controls=\"e-n-accordion-item-1394\" >\n\t\t\t\t\t<span class='e-n-accordion-item-title-header'><div class=\"e-n-accordion-item-title-text\"> Quand le dispositif ouvrira-t-il dans les autres r\u00e9gions ?  <\/div><\/span>\n\t\t\t\t\t\t\t\t\t<\/summary>\n\t\t\t\t<div role=\"region\" aria-labelledby=\"e-n-accordion-item-1394\" class=\"elementor-element elementor-element-341604f e-flex e-con-boxed e-con e-child\" data-id=\"341604f\" data-element_type=\"container\" data-e-type=\"container\">\n\t\t\t\t\t<div class=\"e-con-inner\">\n\t\t\t\t<div class=\"elementor-element elementor-element-fb4d781 elementor-widget elementor-widget-text-editor\" data-id=\"fb4d781\" data-element_type=\"widget\" data-e-type=\"widget\" data-widget_type=\"text-editor.default\">\n\t\t\t\t\t\t\t\t\t<p>Le Gouvernement pr\u00e9voit un d\u00e9ploiement progressif \u00e0 partir de la rentr\u00e9e 2026 et jusqu\u2019au 31 d\u00e9cembre 2027 au plus tard. Chaque R\u00e9gion publiera son propre calendrier et ses modalit\u00e9s.<\/p>\t\t\t\t\t\t\t\t<\/div>\n\t\t\t\t\t<\/div>\n\t\t\t\t<\/div>\n\t\t\t\t\t<\/details>\n\t\t\t\t\t\t<details id=\"e-n-accordion-item-1395\" class=\"e-n-accordion-item\" >\n\t\t\t\t<summary class=\"e-n-accordion-item-title\" data-accordion-index=\"6\" tabindex=\"-1\" aria-expanded=\"false\" aria-controls=\"e-n-accordion-item-1395\" >\n\t\t\t\t\t<span class='e-n-accordion-item-title-header'><div class=\"e-n-accordion-item-title-text\"> Peut-on commencer les investissements avant de d\u00e9poser son dossier ? <\/div><\/span>\n\t\t\t\t\t\t\t\t\t<\/summary>\n\t\t\t\t<div role=\"region\" aria-labelledby=\"e-n-accordion-item-1395\" class=\"elementor-element elementor-element-93a9cfa e-flex e-con-boxed e-con e-child\" data-id=\"93a9cfa\" data-element_type=\"container\" data-e-type=\"container\">\n\t\t\t\t\t<div class=\"e-con-inner\">\n\t\t\t\t<div class=\"elementor-element elementor-element-40e1784 elementor-widget elementor-widget-text-editor\" data-id=\"40e1784\" data-element_type=\"widget\" data-e-type=\"widget\" data-widget_type=\"text-editor.default\">\n\t\t\t\t\t\t\t\t\t<p>Non. La demande d\u2019aide doit \u00eatre d\u00e9pos\u00e9e avant tout engagement du projet ou d\u00e9marrage des investissements concern\u00e9s. Une d\u00e9pense d\u00e9j\u00e0 engag\u00e9e avant le d\u00e9p\u00f4t de la demande ne peut pas \u00eatre int\u00e9gr\u00e9e \u00e0 l\u2019assiette \u00e9ligible de l\u2019aide. Il est donc essentiel de v\u00e9rifier l\u2019\u00e9ligibilit\u00e9 du projet et de d\u00e9poser la demande avant de signer un devis, un bon de commande ou tout autre engagement contractuel li\u00e9 aux investissements concern\u00e9s.<\/p>\t\t\t\t\t\t\t\t<\/div>\n\t\t\t\t\t<\/div>\n\t\t\t\t<\/div>\n\t\t\t\t\t<\/details>\n\t\t\t\t\t<\/div>\n\t\t\t\t\t<script type=\"application\/ld+json\">{\"@context\":\"https:\\\/\\\/schema.org\",\"@type\":\"FAQPage\",\"mainEntity\":[{\"@type\":\"Question\",\"name\":\"Qu\\u2019est-ce que le 5e axe France 2030 r\\u00e9gionalis\\u00e9 ?\",\"acceptedAnswer\":{\"@type\":\"Answer\",\"text\":\"Le 5e axe, intitul\\u00e9 \\u00ab Projets de modernisation et d\\u2019adoption de technologies avanc\\u00e9es \\u00bb, est un nouveau dispositif destin\\u00e9 \\u00e0 soutenir les investissements productifs et la modernisation des entreprises industrielles. Son d\\u00e9ploiement a commenc\\u00e9 en 2026 et doit progressivement concerner les diff\\u00e9rentes r\\u00e9gions fran\\u00e7aises.\"}},{\"@type\":\"Question\",\"name\":\"Quelles entreprises peuvent b\\u00e9n\\u00e9ficier de cette aide ?\",\"acceptedAnswer\":{\"@type\":\"Answer\",\"text\":\"Le dispositif cible les TPE, PME et ETI industrielles. Les crit\\u00e8res pr\\u00e9cis d\\u2019\\u00e9ligibilit\\u00e9 et les secteurs \\u00e9ventuellement prioritaires sont d\\u00e9finis dans chaque appel \\u00e0 projets r\\u00e9gional.\"}},{\"@type\":\"Question\",\"name\":\"Quels investissements peuvent \\u00eatre financ\\u00e9s ?\",\"acceptedAnswer\":{\"@type\":\"Answer\",\"text\":\"Le dispositif peut notamment soutenir des investissements dans des \\u00e9quipements de production, la robotisation, l\\u2019automatisation, les technologies industrielles avanc\\u00e9es et certaines solutions num\\u00e9riques. Il peut \\u00e9galement accompagner des investissements industriels plus importants visant la modernisation, l\\u2019augmentation des capacit\\u00e9s ou la diversification de la production.\"}},{\"@type\":\"Question\",\"name\":\"Quel est le taux de subvention du 5e axe France 2030 ?\",\"acceptedAnswer\":{\"@type\":\"Answer\",\"text\":\"Le taux d\\u00e9pendra de la d\\u00e9clinaison r\\u00e9gionale et du projet. Dans le Grand Est, le taux indicatif annonc\\u00e9 est compris entre 10 et 30 % des d\\u00e9penses \\u00e9ligibles. Ce taux ne peut pas \\u00eatre consid\\u00e9r\\u00e9 comme acquis dans les autres r\\u00e9gions.\"}},{\"@type\":\"Question\",\"name\":\"Quand le dispositif ouvrira-t-il dans les autres r\\u00e9gions ?\",\"acceptedAnswer\":{\"@type\":\"Answer\",\"text\":\"Le Gouvernement pr\\u00e9voit un d\\u00e9ploiement progressif \\u00e0 partir de la rentr\\u00e9e 2026 et jusqu\\u2019au 31 d\\u00e9cembre 2027 au plus tard. Chaque R\\u00e9gion publiera son propre calendrier et ses modalit\\u00e9s.\"}},{\"@type\":\"Question\",\"name\":\"Peut-on commencer les investissements avant de d\\u00e9poser son dossier ?\",\"acceptedAnswer\":{\"@type\":\"Answer\",\"text\":\"Non. La demande d\\u2019aide doit \\u00eatre d\\u00e9pos\\u00e9e avant tout engagement du projet ou d\\u00e9marrage des investissements concern\\u00e9s. Une d\\u00e9pense d\\u00e9j\\u00e0 engag\\u00e9e avant le d\\u00e9p\\u00f4t de la demande ne peut pas \\u00eatre int\\u00e9gr\\u00e9e \\u00e0 l\\u2019assiette \\u00e9ligible de l\\u2019aide. Il est donc essentiel de v\\u00e9rifier l\\u2019\\u00e9ligibilit\\u00e9 du projet et de d\\u00e9poser la demande avant de signer un devis, un bon de commande ou tout autre engagement contractuel li\\u00e9 aux investissements concern\\u00e9s.\"}}]}<\/script>\n\t\t\t\t\t\t\t<\/div>\n\t\t\t\t<div class=\"elementor-element elementor-element-72faa4b elementor-widget elementor-widget-spacer\" data-id=\"72faa4b\" data-element_type=\"widget\" data-e-type=\"widget\" data-widget_type=\"spacer.default\">\n\t\t\t\t\t\t\t<div class=\"elementor-spacer\">\n\t\t\t<div class=\"elementor-spacer-inner\"><\/div>\n\t\t<\/div>\n\t\t\t\t\t\t<\/div>\n\t\t\t\t<\/div>\n\t\t<div class=\"elementor-element elementor-element-75bf0ef e-flex e-con-boxed e-con e-parent\" data-id=\"75bf0ef\" data-element_type=\"container\" data-e-type=\"container\" data-settings=\"{&quot;background_background&quot;:&quot;classic&quot;}\">\n\t\t\t\t\t<div class=\"e-con-inner\">\n\t\t\t\t<div class=\"elementor-element elementor-element-583113a elementor-widget__width-initial elementor-widget elementor-widget-heading\" data-id=\"583113a\" data-element_type=\"widget\" data-e-type=\"widget\" data-widget_type=\"heading.default\">\n\t\t\t\t\t<h2 class=\"elementor-heading-title elementor-size-default\">D\u00e9couvrez notre accompagnement<\/h2>\t\t\t\t<\/div>\n\t\t\t\t<div class=\"elementor-element elementor-element-8946d38 elementor-widget elementor-widget-text-editor\" data-id=\"8946d38\" data-element_type=\"widget\" data-e-type=\"widget\" data-widget_type=\"text-editor.default\">\n\t\t\t\t\t\t\t\t\t<p>Les experts en financements publics de G.A.C. Group peuvent analyser votre projet, identifier les dispositifs mobilisables et anticiper l\u2019ouverture du 5e axe France 2030 dans votre r\u00e9gion.<\/p>\t\t\t\t\t\t\t\t<\/div>\n\t\t\t\t<div class=\"elementor-element elementor-element-1f060d0 elementor-align-center elementor-widget elementor-widget-button\" data-id=\"1f060d0\" data-element_type=\"widget\" data-e-type=\"widget\" data-widget_type=\"button.default\">\n\t\t\t\t\t\t\t\t\t\t<a class=\"elementor-button elementor-button-link elementor-size-sm\" href=\"https:\/\/calendly.com\/perfinnogac\/rdv-avec-un-expert-cir-cii-fisca\" target=\"_blank\">\n\t\t\t\t\t\t<span class=\"elementor-button-content-wrapper\">\n\t\t\t\t\t\t\t\t\t<span class=\"elementor-button-text\">Aides et subventions<\/span>\n\t\t\t\t\t<\/span>\n\t\t\t\t\t<\/a>\n\t\t\t\t\t\t\t\t<\/div>\n\t\t\t\t\t<\/div>\n\t\t\t\t<\/div>\n\t\t\t\t<\/div>\n\t\t","protected":false},"excerpt":{"rendered":"<p>France 2030 r\u00e9gionalis\u00e9 d\u00e9ploie un nouveau financement pour soutenir les investissements productifs et la modernisation des TPE, PME et ETI industrielles.<\/p>","protected":false},"author":47,"featured_media":0,"comment_status":"closed","ping_status":"closed","sticky":false,"template":"","format":"standard","meta":{"_acf_changed":false,"_seopress_titles_title":"France 2030 : aides aux investissements industriels","_seopress_titles_desc":"France 2030 r\u00e9gionalis\u00e9 d\u00e9ploie un nouveau financement pour soutenir les investissements productifs et la modernisation des TPE, PME et ETI industrielles.","_seopress_robots_index":"","_seopress_robots_follow":"","_seopress_robots_imageindex":"","_seopress_robots_snippet":"","_seopress_robots_primary_cat":"none","_seopress_robots_breadcrumbs":"","_seopress_robots_freeze_modified_date":"","_seopress_robots_custom_modified_date":"","_seopress_robots_canonical":"","_seopress_social_fb_title":"France 2030 : aides aux investissements industriels","_seopress_social_fb_desc":"France 2030 r\u00e9gionalis\u00e9 d\u00e9ploie un nouveau financement pour soutenir les investissements productifs et la modernisation des TPE, PME et ETI industrielles.","_seopress_social_fb_img":"","_seopress_social_fb_img_attachment_id":442416,"_seopress_social_fb_img_width":960,"_seopress_social_fb_img_height":540,"_seopress_social_twitter_title":"France 2030 : aides aux investissements industriels","_seopress_social_twitter_desc":"France 2030 r\u00e9gionalis\u00e9 d\u00e9ploie un nouveau financement pour soutenir les investissements productifs et la modernisation des TPE, PME et ETI industrielles.","_seopress_social_twitter_img":"","_seopress_social_twitter_img_attachment_id":0,"_seopress_social_twitter_img_width":0,"_seopress_social_twitter_img_height":0,"_seopress_redirections_value":"","_seopress_redirections_enabled":"","_seopress_redirections_enabled_regex":"","_seopress_redirections_logged_status":"both","_seopress_redirections_param":"","_seopress_redirections_type":301,"_seopress_analysis_target_kw":"","_seopress_news_disabled":"","_seopress_video_disabled":"","_seopress_video":[],"_seopress_pro_schemas_manual":[],"_seopress_pro_rich_snippets_disable_all":"","_seopress_pro_rich_snippets_disable":[],"_seopress_pro_schemas":[],"site-sidebar-layout":"default","site-content-layout":"","ast-site-content-layout":"default","site-content-style":"default","site-sidebar-style":"default","ast-global-header-display":"","ast-banner-title-visibility":"","ast-main-header-display":"","ast-hfb-above-header-display":"","ast-hfb-below-header-display":"","ast-hfb-mobile-header-display":"","site-post-title":"","ast-breadcrumbs-content":"","ast-featured-img":"","footer-sml-layout":"","ast-disable-related-posts":"","theme-transparent-header-meta":"","adv-header-id-meta":"","stick-header-meta":"","header-above-stick-meta":"","header-main-stick-meta":"","header-below-stick-meta":"","astra-migrate-meta-layouts":"set","ast-page-background-enabled":"default","ast-page-background-meta":{"desktop":{"background-color":"var(--ast-global-color-4)","background-image":"","background-repeat":"repeat","background-position":"center center","background-size":"auto","background-attachment":"scroll","background-type":"","background-media":"","overlay-type":"","overlay-color":"","overlay-opacity":"","overlay-gradient":""},"tablet":{"background-color":"","background-image":"","background-repeat":"repeat","background-position":"center center","background-size":"auto","background-attachment":"scroll","background-type":"","background-media":"","overlay-type":"","overlay-color":"","overlay-opacity":"","overlay-gradient":""},"mobile":{"background-color":"","background-image":"","background-repeat":"repeat","background-position":"center center","background-size":"auto","background-attachment":"scroll","background-type":"","background-media":"","overlay-type":"","overlay-color":"","overlay-opacity":"","overlay-gradient":""}},"ast-content-background-meta":{"desktop":{"background-color":"var(--ast-global-color-5)","background-image":"","background-repeat":"repeat","background-position":"center center","background-size":"auto","background-attachment":"scroll","background-type":"","background-media":"","overlay-type":"","overlay-color":"","overlay-opacity":"","overlay-gradient":""},"tablet":{"background-color":"var(--ast-global-color-5)","background-image":"","background-repeat":"repeat","background-position":"center center","background-size":"auto","background-attachment":"scroll","background-type":"","background-media":"","overlay-type":"","overlay-color":"","overlay-opacity":"","overlay-gradient":""},"mobile":{"background-color":"var(--ast-global-color-5)","background-image":"","background-repeat":"repeat","background-position":"center center","background-size":"auto","background-attachment":"scroll","background-type":"","background-media":"","overlay-type":"","overlay-color":"","overlay-opacity":"","overlay-gradient":""}},"footnotes":""},"categories":[14],"tags":[970,1005],"business_unit":[972],"offre":[882],"secteur":[662,664,665,666,876,955,956,617,658,660,880],"class_list":["post-487239","post","type-post","status-publish","format-standard","hentry","category-actualites","tag-financement-innovation","tag-appels-a-projets-concours","business_unit-innovation","offre-aides-et-subventions","secteur-industrie","secteur-sante","secteur-technologie-de-linformation","secteur-transport","secteur-retail","secteur-public","secteur-banques-assurances","secteur-agroalimentaire","secteur-btp-construction","secteur-energie-environnement","secteur-aerospatial-defense"],"acf":{"home_slider":"Non","filtre_secteurs":[]},"_links":{"self":[{"href":"https:\/\/group-gac.com\/en\/wp-json\/wp\/v2\/posts\/487239","targetHints":{"allow":["GET"]}}],"collection":[{"href":"https:\/\/group-gac.com\/en\/wp-json\/wp\/v2\/posts"}],"about":[{"href":"https:\/\/group-gac.com\/en\/wp-json\/wp\/v2\/types\/post"}],"author":[{"embeddable":true,"href":"https:\/\/group-gac.com\/en\/wp-json\/wp\/v2\/users\/47"}],"replies":[{"embeddable":true,"href":"https:\/\/group-gac.com\/en\/wp-json\/wp\/v2\/comments?post=487239"}],"version-history":[{"count":19,"href":"https:\/\/group-gac.com\/en\/wp-json\/wp\/v2\/posts\/487239\/revisions"}],"predecessor-version":[{"id":487258,"href":"https:\/\/group-gac.com\/en\/wp-json\/wp\/v2\/posts\/487239\/revisions\/487258"}],"wp:attachment":[{"href":"https:\/\/group-gac.com\/en\/wp-json\/wp\/v2\/media?parent=487239"}],"wp:term":[{"taxonomy":"category","embeddable":true,"href":"https:\/\/group-gac.com\/en\/wp-json\/wp\/v2\/categories?post=487239"},{"taxonomy":"post_tag","embeddable":true,"href":"https:\/\/group-gac.com\/en\/wp-json\/wp\/v2\/tags?post=487239"},{"taxonomy":"business_unit","embeddable":true,"href":"https:\/\/group-gac.com\/en\/wp-json\/wp\/v2\/business_unit?post=487239"},{"taxonomy":"offre","embeddable":true,"href":"https:\/\/group-gac.com\/en\/wp-json\/wp\/v2\/offre?post=487239"},{"taxonomy":"secteur","embeddable":true,"href":"https:\/\/group-gac.com\/en\/wp-json\/wp\/v2\/secteur?post=487239"}],"curies":[{"name":"wp","href":"https:\/\/api.w.org\/{rel}","templated":true}]}}