{"id":487263,"date":"2026-09-03T15:24:54","date_gmt":"2026-09-03T13:24:54","guid":{"rendered":"https:\/\/group-gac.com\/?p=487263"},"modified":"2026-09-03T15:30:17","modified_gmt":"2026-09-03T13:30:17","slug":"top-drh-rhone-alpes-2026-ateliers-drh","status":"publish","type":"post","link":"https:\/\/group-gac.com\/en\/top-drh-rhone-alpes-2026-ateliers-drh\/","title":{"rendered":"TOP DRH Rh\u00f4ne-Alpes 2026 : trois temps forts pour les DRH \u00e0 Lyon"},"content":{"rendered":"\t\t<div data-elementor-type=\"wp-post\" data-elementor-id=\"487263\" class=\"elementor elementor-487263\" data-elementor-post-type=\"post\">\n\t\t\t\t<div class=\"elementor-element elementor-element-37f8c70 e-con-full e-flex e-con e-child\" data-id=\"37f8c70\" data-element_type=\"container\" data-e-type=\"container\">\n\t\t\t\t<div class=\"elementor-element elementor-element-4bca3d1 elementor-widget elementor-widget-heading\" data-id=\"4bca3d1\" data-element_type=\"widget\" data-e-type=\"widget\" data-widget_type=\"heading.default\">\n\t\t\t\t\t<h2 class=\"elementor-heading-title elementor-size-default\">Le TOP DRH Rh\u00f4ne-Alpes, qu'est-ce que c'est ?<\/h2>\t\t\t\t<\/div>\n\t\t\t\t<div class=\"elementor-element elementor-element-f711e75 elementor-widget elementor-widget-text-editor\" data-id=\"f711e75\" data-element_type=\"widget\" data-e-type=\"widget\" data-widget_type=\"text-editor.default\">\n\t\t\t\t\t\t\t\t\t<p>Le TOP DRH est la rencontre annuelle des directeurs et responsables des ressources humaines et de leurs partenaires. L&rsquo;\u00e9dition Rh\u00f4ne-Alpes se tient \u00e0 l&rsquo;H\u00f4tel InterContinental H\u00f4tel-Dieu, \u00e0 Lyon, sur un format r\u00e9sidentiel de deux jours. Au programme : des rendez-vous d&rsquo;affaires individuels de trente minutes, une vingtaine d&rsquo;ateliers th\u00e9matiques, des d\u00e9jeuners d&rsquo;affaires et des tea times.<\/p><p>L&rsquo;int\u00e9r\u00eat du format tient \u00e0 sa densit\u00e9. Sur 48 heures, vous croisez pairs, experts et solutions sur l&rsquo;ensemble des enjeux RH, du recrutement \u00e0 la paie et aux cotisations sociales.<\/p>\t\t\t\t\t\t\t\t<\/div>\n\t\t\t\t<div class=\"elementor-element elementor-element-1227cd4 elementor-widget elementor-widget-heading\" data-id=\"1227cd4\" data-element_type=\"widget\" data-e-type=\"widget\" data-widget_type=\"heading.default\">\n\t\t\t\t\t<h2 class=\"elementor-heading-title elementor-size-default\">Pourquoi nous rejoindre : 48 heures pour trier l'essentiel<\/h2>\t\t\t\t<\/div>\n\t\t\t\t<div class=\"elementor-element elementor-element-031ffb7 elementor-widget elementor-widget-text-editor\" data-id=\"031ffb7\" data-element_type=\"widget\" data-e-type=\"widget\" data-widget_type=\"text-editor.default\">\n\t\t\t\t\t\t\t\t\t<p>La difficult\u00e9 n&rsquo;est pas de manquer d&rsquo;information, mais d&rsquo;en avoir trop. Nos trois temps forts sont pens\u00e9s pour l&rsquo;arbitrage : ce qu&rsquo;il faut traiter maintenant, ce qui peut attendre, et les zones de risque \u00e0 surveiller. Vous repartez avec une lecture claire de l&rsquo;actualit\u00e9 paie, une projection sur les transformations de la fonction RH, et une cartographie des usages de l&rsquo;IA qui tiennent r\u00e9ellement en production.<\/p><p>Entre deux ateliers, nos experts restent disponibles pour un point sur votre situation.<\/p>\t\t\t\t\t\t\t\t<\/div>\n\t\t\t\t<div class=\"elementor-element elementor-element-d2c00dd elementor-widget elementor-widget-html\" data-id=\"d2c00dd\" data-element_type=\"widget\" data-e-type=\"widget\" data-widget_type=\"html.default\">\n\t\t\t\t\t<button onclick=\"document.getElementById('modal-telechargement').style.display='flex';\" style=\"display:inline-flex;align-items:center;gap:10px;background:#DB6C64;color:#FFFFFF;font-family:'DM Sans',sans-serif;font-size:0.9rem;font-weight:700;padding:16px 32px;border-radius:4px;border:none;cursor:pointer;transition:all 0.3s ease;\">\r\n  Je demande une invitation\r\n<\/button>\t\t\t\t<\/div>\n\t\t\t\t<\/div>\n\t\t<div class=\"elementor-element elementor-element-253745a e-con-full e-flex e-con e-child\" data-id=\"253745a\" data-element_type=\"container\" data-e-type=\"container\">\n\t\t\t\t<div class=\"elementor-element elementor-element-d551947 elementor-widget elementor-widget-heading\" data-id=\"d551947\" data-element_type=\"widget\" data-e-type=\"widget\" data-widget_type=\"heading.default\">\n\t\t\t\t\t<h2 class=\"elementor-heading-title elementor-size-default\">Nos trois temps forts \u00e0 Lyon<\/h2>\t\t\t\t<\/div>\n\t\t\t\t<div class=\"elementor-element elementor-element-9cf101c elementor-widget elementor-widget-text-editor\" data-id=\"9cf101c\" data-element_type=\"widget\" data-e-type=\"widget\" data-widget_type=\"text-editor.default\">\n\t\t\t\t\t\t\t\t\t<p class=\"temps-forts-intro\">Des formats courts, calibr\u00e9s pour des d\u00e9cideurs qui ont peu de temps et beaucoup d&rsquo;arbitrages \u00e0 rendre.<\/p>\t\t\t\t\t\t\t\t<\/div>\n\t\t<div class=\"elementor-element elementor-element-171595c e-con-full e-flex e-con e-child\" data-id=\"171595c\" data-element_type=\"container\" data-e-type=\"container\">\n\t\t<div class=\"elementor-element elementor-element-d8eb403 e-con-full e-flex e-con e-child\" data-id=\"d8eb403\" data-element_type=\"container\" data-e-type=\"container\" data-settings=\"{&quot;background_background&quot;:&quot;classic&quot;}\">\n\t\t\t\t<div class=\"elementor-element elementor-element-61417fe elementor-widget elementor-widget-button\" data-id=\"61417fe\" data-element_type=\"widget\" data-e-type=\"widget\" data-widget_type=\"button.default\">\n\t\t\t\t\t\t\t\t\t\t<a class=\"elementor-button elementor-size-sm\" role=\"button\">\n\t\t\t\t\t\t<span class=\"elementor-button-content-wrapper\">\n\t\t\t\t\t\t\t\t\t<span class=\"elementor-button-text\">Paie &amp; cotisations<\/span>\n\t\t\t\t\t<\/span>\n\t\t\t\t\t<\/a>\n\t\t\t\t\t\t\t\t<\/div>\n\t\t\t\t<div class=\"elementor-element elementor-element-a47ea47 elementor-widget elementor-widget-text-editor\" data-id=\"a47ea47\" data-element_type=\"widget\" data-e-type=\"widget\" data-widget_type=\"text-editor.default\">\n\t\t\t\t\t\t\t\t\t<div class=\"niveau-left\">Mardi 13 octobre<br \/>14h30<\/div>\t\t\t\t\t\t\t\t<\/div>\n\t\t\t\t<\/div>\n\t\t<div class=\"elementor-element elementor-element-d4f9990 e-con-full e-flex e-con e-child\" data-id=\"d4f9990\" data-element_type=\"container\" data-e-type=\"container\" data-settings=\"{&quot;background_background&quot;:&quot;classic&quot;}\">\n\t\t\t\t<div class=\"elementor-element elementor-element-d110fb3 elementor-widget elementor-widget-heading\" data-id=\"d110fb3\" data-element_type=\"widget\" data-e-type=\"widget\" data-widget_type=\"heading.default\">\n\t\t\t\t\t<h3 class=\"elementor-heading-title elementor-size-default\">Paie et cotisations sociales : 45 minutes pour faire le tri dans l'actualit\u00e9<\/h3>\t\t\t\t<\/div>\n\t\t\t\t<div class=\"elementor-element elementor-element-016b772 elementor-widget elementor-widget-text-editor\" data-id=\"016b772\" data-element_type=\"widget\" data-e-type=\"widget\" data-widget_type=\"text-editor.default\">\n\t\t\t\t\t\t\t\t\t<div class=\"savoir-block\"><div class=\"savoir-header\"><div class=\"savoir-right\"><div class=\"atelier-block\"><div class=\"atelier-right\"><div class=\"prog-block\"><div class=\"prog-right\"><div class=\"prog-title\"><p>\u00c0 peine la rentr\u00e9e pass\u00e9e, les \u00e9ch\u00e9ances s&rsquo;encha\u00eenent d\u00e9j\u00e0. Entre les mesures entr\u00e9es en vigueur, les \u00e9volutions \u00e0 int\u00e9grer et celles \u00e0 anticiper, il devient difficile de distinguer ce qui exige une action imm\u00e9diate de ce qui peut encore attendre.<\/p><p>En 45 minutes, cet atelier vous permet de faire le tri dans l&rsquo;actualit\u00e9 de la paie et des cotisations sociales : ce qui change, les cons\u00e9quences pour votre organisation et les priorit\u00e9s \u00e0 traiter d&rsquo;ici la fin de l&rsquo;ann\u00e9e.<\/p><p>Vous repartez avec une vision claire des points de vigilance et un plan d&rsquo;action concret pour aborder le sprint de fin d&rsquo;ann\u00e9e.<\/p><\/div><\/div><\/div><\/div><\/div><\/div><\/div><\/div>\t\t\t\t\t\t\t\t<\/div>\n\t\t\t\t<\/div>\n\t\t\t\t<\/div>\n\t\t<div class=\"elementor-element elementor-element-dbdb930 e-con-full e-flex e-con e-child\" data-id=\"dbdb930\" data-element_type=\"container\" data-e-type=\"container\">\n\t\t<div class=\"elementor-element elementor-element-9bdd16c e-con-full e-flex e-con e-child\" data-id=\"9bdd16c\" data-element_type=\"container\" data-e-type=\"container\" data-settings=\"{&quot;background_background&quot;:&quot;classic&quot;}\">\n\t\t\t\t<div class=\"elementor-element elementor-element-426f2df elementor-widget elementor-widget-button\" data-id=\"426f2df\" data-element_type=\"widget\" data-e-type=\"widget\" data-widget_type=\"button.default\">\n\t\t\t\t\t\t\t\t\t\t<a class=\"elementor-button elementor-size-sm\" role=\"button\">\n\t\t\t\t\t\t<span class=\"elementor-button-content-wrapper\">\n\t\t\t\t\t\t\t\t\t<span class=\"elementor-button-text\">Prospective<\/span>\n\t\t\t\t\t<\/span>\n\t\t\t\t\t<\/a>\n\t\t\t\t\t\t\t\t<\/div>\n\t\t\t\t<div class=\"elementor-element elementor-element-c56364b elementor-widget elementor-widget-text-editor\" data-id=\"c56364b\" data-element_type=\"widget\" data-e-type=\"widget\" data-widget_type=\"text-editor.default\">\n\t\t\t\t\t\t\t\t\t<div class=\"niveau-left\">Mercredi 14 octobre<br \/>11h50<\/div>\t\t\t\t\t\t\t\t<\/div>\n\t\t\t\t<\/div>\n\t\t<div class=\"elementor-element elementor-element-819f644 e-con-full e-flex e-con e-child\" data-id=\"819f644\" data-element_type=\"container\" data-e-type=\"container\" data-settings=\"{&quot;background_background&quot;:&quot;classic&quot;}\">\n\t\t\t\t<div class=\"elementor-element elementor-element-1a68809 elementor-widget elementor-widget-heading\" data-id=\"1a68809\" data-element_type=\"widget\" data-e-type=\"widget\" data-widget_type=\"heading.default\">\n\t\t\t\t\t<h3 class=\"elementor-heading-title elementor-size-default\">Imaginer le monde RH de demain<\/h3>\t\t\t\t<\/div>\n\t\t\t\t<div class=\"elementor-element elementor-element-b7d5204 elementor-widget elementor-widget-text-editor\" data-id=\"b7d5204\" data-element_type=\"widget\" data-e-type=\"widget\" data-widget_type=\"text-editor.default\">\n\t\t\t\t\t\t\t\t\t<div class=\"savoir-block\"><div class=\"savoir-header\"><div class=\"savoir-right\"><div class=\"atelier-block\"><div class=\"atelier-right\"><div class=\"prog-block\"><div class=\"prog-right\"><div class=\"prog-title\"><p>Une Learning Expedition en 40 minutes pour se projeter dans les futurs possibles de la fonction DRH et explorer les transformations qui pourraient redessiner les organisations, les m\u00e9tiers et le r\u00f4le des RH.<\/p><p>\u00c0 travers inspiration et intelligence collective, les participants construisent une vision partag\u00e9e des \u00e9volutions \u00e0 anticiper.<\/p><p>L&rsquo;atelier se conclut par un livrable prospectif mat\u00e9rialisant les principaux enjeux et opportunit\u00e9s \u00e0 horizon 2030.<\/p><\/div><\/div><\/div><\/div><\/div><\/div><\/div><\/div>\t\t\t\t\t\t\t\t<\/div>\n\t\t\t\t<\/div>\n\t\t\t\t<\/div>\n\t\t<div class=\"elementor-element elementor-element-fe9ffd9 e-con-full e-flex e-con e-child\" data-id=\"fe9ffd9\" data-element_type=\"container\" data-e-type=\"container\">\n\t\t<div class=\"elementor-element elementor-element-6faa518 e-con-full e-flex e-con e-child\" data-id=\"6faa518\" data-element_type=\"container\" data-e-type=\"container\" data-settings=\"{&quot;background_background&quot;:&quot;classic&quot;}\">\n\t\t\t\t<div class=\"elementor-element elementor-element-4345a8e elementor-widget elementor-widget-button\" data-id=\"4345a8e\" data-element_type=\"widget\" data-e-type=\"widget\" data-widget_type=\"button.default\">\n\t\t\t\t\t\t\t\t\t\t<a class=\"elementor-button elementor-size-sm\" role=\"button\">\n\t\t\t\t\t\t<span class=\"elementor-button-content-wrapper\">\n\t\t\t\t\t\t\t\t\t<span class=\"elementor-button-text\">Tea time<\/span>\n\t\t\t\t\t<\/span>\n\t\t\t\t\t<\/a>\n\t\t\t\t\t\t\t\t<\/div>\n\t\t\t\t<div class=\"elementor-element elementor-element-06c50d1 elementor-widget elementor-widget-text-editor\" data-id=\"06c50d1\" data-element_type=\"widget\" data-e-type=\"widget\" data-widget_type=\"text-editor.default\">\n\t\t\t\t\t\t\t\t\t<div class=\"niveau-left\">Mardi 13 octobre<br \/>16h45<\/div>\t\t\t\t\t\t\t\t<\/div>\n\t\t\t\t<\/div>\n\t\t<div class=\"elementor-element elementor-element-3c72b83 e-con-full e-flex e-con e-child\" data-id=\"3c72b83\" data-element_type=\"container\" data-e-type=\"container\" data-settings=\"{&quot;background_background&quot;:&quot;classic&quot;}\">\n\t\t\t\t<div class=\"elementor-element elementor-element-b0dc28f elementor-widget elementor-widget-heading\" data-id=\"b0dc28f\" data-element_type=\"widget\" data-e-type=\"widget\" data-widget_type=\"heading.default\">\n\t\t\t\t\t<h3 class=\"elementor-heading-title elementor-size-default\">IA &amp; RH : cartographie collective des cas d'usage \u00e9prouv\u00e9s<\/h3>\t\t\t\t<\/div>\n\t\t\t\t<div class=\"elementor-element elementor-element-dd1fd38 elementor-widget elementor-widget-text-editor\" data-id=\"dd1fd38\" data-element_type=\"widget\" data-e-type=\"widget\" data-widget_type=\"text-editor.default\">\n\t\t\t\t\t\t\t\t\t<div class=\"savoir-block\"><div class=\"savoir-header\"><div class=\"savoir-right\"><div class=\"atelier-block\"><div class=\"atelier-right\"><div class=\"prog-block\"><div class=\"prog-right\"><div class=\"prog-title\"><p>Un moment plus informel pour sortir des promesses et regarder ce qui fonctionne vraiment. Entre pairs, nous dressons une cartographie des cas d&rsquo;usage de l&rsquo;IA en RH d\u00e9j\u00e0 d\u00e9ploy\u00e9s \u2014 et dont vous \u00eates satisfait\u00b7e\u00b7s.<\/p><p>Le filtre est volontairement exigeant : pas les projets annonc\u00e9s, ceux qui tournent. Chacun repart avec une vue d&rsquo;ensemble des usages qui fonctionnent et des angles morts \u00e0 surveiller pour 2026.<\/p><\/div><\/div><\/div><\/div><\/div><\/div><\/div><\/div>\t\t\t\t\t\t\t\t<\/div>\n\t\t\t\t<\/div>\n\t\t\t\t<\/div>\n\t\t\t\t<\/div>\n\t\t<div class=\"elementor-element elementor-element-054601e e-flex e-con-boxed e-con e-parent\" data-id=\"054601e\" data-element_type=\"container\" data-e-type=\"container\" data-settings=\"{&quot;background_background&quot;:&quot;classic&quot;}\">\n\t\t\t\t\t<div class=\"e-con-inner\">\n\t\t\t\t<div class=\"elementor-element elementor-element-d0ad01e elementor-widget elementor-widget-heading\" data-id=\"d0ad01e\" data-element_type=\"widget\" data-e-type=\"widget\" data-widget_type=\"heading.default\">\n\t\t\t\t\t<h3 class=\"elementor-heading-title elementor-size-default\">Inscription<\/h3>\t\t\t\t<\/div>\n\t\t\t\t<div class=\"elementor-element elementor-element-0a2b537 elementor-widget elementor-widget-heading\" data-id=\"0a2b537\" data-element_type=\"widget\" data-e-type=\"widget\" data-widget_type=\"heading.default\">\n\t\t\t\t\t<h2 class=\"elementor-heading-title elementor-size-default\">Inscrivez-vous au TOP DRH Rh\u00f4ne-Alpes 2026<\/h2>\t\t\t\t<\/div>\n\t\t\t\t<div class=\"elementor-element elementor-element-cbf16ac elementor-widget__width-initial elementor-widget elementor-widget-text-editor\" data-id=\"cbf16ac\" data-element_type=\"widget\" data-e-type=\"widget\" data-widget_type=\"text-editor.default\">\n\t\t\t\t\t\t\t\t\t<p>13-14 octobre 2026 \u00b7 InterContinental H\u00f4tel-Dieu *****, Lyon. R\u00e9servez votre place et votre cr\u00e9neau de rendez-vous d&rsquo;affaires avec nos experts.<\/p>\t\t\t\t\t\t\t\t<\/div>\n\t\t<div class=\"elementor-element elementor-element-597acdd e-con-full e-flex e-con e-child\" data-id=\"597acdd\" data-element_type=\"container\" data-e-type=\"container\" data-settings=\"{&quot;background_background&quot;:&quot;classic&quot;}\">\n\t\t\t\t<div class=\"elementor-element elementor-element-af52625 elementor-widget elementor-widget-html\" data-id=\"af52625\" data-element_type=\"widget\" data-e-type=\"widget\" data-widget_type=\"html.default\">\n\t\t\t\t\t<button onclick=\"document.getElementById('modal-telechargement').style.display='flex';\" style=\"display:inline-flex;align-items:center;gap:10px;background:#DB6C64;color:#232954;font-family:'DM Sans',sans-serif;font-size:0.9rem;font-weight:700;padding:16px 32px;border-radius:4px;border:none;cursor:pointer;transition:all 0.3s ease;\">\r\n  Je m'inscris au TOP DRH \u2192\r\n<\/button>\t\t\t\t<\/div>\n\t\t\t\t<\/div>\n\t\t\t\t\t<\/div>\n\t\t\t\t<\/div>\n\t\t<div class=\"elementor-element elementor-element-5eeb770 e-con e-atomic-element e-flexbox-base e-f6426d6 \" data-id=\"5eeb770\" data-element_type=\"e-flexbox\" data-e-type=\"e-flexbox\" data-interaction-id=\"5eeb770\" data-e-type=\"e-flexbox\" data-id=\"5eeb770\">\n    \t\t<div class=\"elementor-element elementor-element-aa2fb49 elementor-widget elementor-widget-html\" data-id=\"aa2fb49\" data-element_type=\"widget\" data-e-type=\"widget\" data-widget_type=\"html.default\">\n\t\t\t\t\t<div id=\"modal-telechargement\" style=\"display:none;position:fixed;inset:0;z-index:9999;background:rgba(26,28,46,0.72);backdrop-filter:blur(6px);align-items:center;justify-content:center;padding:20px;\">\r\n  <div style=\"background:#ffffff;border-radius:18px;width:100%;max-width:640px;overflow:hidden;position:relative;box-shadow:0 32px 80px rgba(0,0,0,0.3);\">\r\n    <button onclick=\"document.getElementById('modal-telechargement').style.display='none';\" style=\"position:absolute;top:14px;right:16px;background:rgba(0,0,0,0.08);border:none;color:#232954;width:32px;height:32px;border-radius:50%;cursor:pointer;font-size:1rem;display:flex;align-items:center;justify-content:center;z-index:10;\">\u2715<\/button>\r\n    <div>\r\n      <iframe id=\"pardot-iframe\" src=\"https:\/\/ressources.group-gac.com\/l\/1052283\/2026-09-03\/3gfqj\" width=\"100%\" height=\"660\" type=\"text\/html\" frameborder=\"0\" allowTransparency=\"true\" style=\"border:0;display:block;\"><\/iframe>\r\n    <\/div>\r\n  <\/div>\r\n<\/div>\r\n\r\n<script type=\"text\/javascript\">\r\n  (function() {\r\n    var currentQueryString = window.location.search;\r\n    if (currentQueryString) {\r\n      var iframe = document.getElementById('pardot-iframe');\r\n      if (iframe) {\r\n        var iframeSrc = iframe.getAttribute('src');\r\n        \r\n        \/\/ R\u00e9cup\u00e8re source_partenaire depuis l'URL de la page\r\n        var params = new URLSearchParams(currentQueryString);\r\n        var sourcePartenaire = params.get('source_partenaire') || params.get('utm_source');\r\n        \r\n        \/\/ Construit la nouvelle URL iframe avec tous les param\u00e8tres + Source_Partenaire\r\n        var separator = iframeSrc.indexOf('?') !== -1 ? '&' : '?';\r\n        var newSrc = iframeSrc + separator + currentQueryString.substring(1);\r\n        \r\n        \/\/ Ajoute explicitement Source_Partenaire avec le nom API Pardot\r\n        if (sourcePartenaire) {\r\n          newSrc += '&Source_Partenaire=' + encodeURIComponent(sourcePartenaire);\r\n        }\r\n        \r\n        iframe.setAttribute('src', newSrc);\r\n      }\r\n    }\r\n  })();\r\n<\/script>\t\t\t\t<\/div>\n\t\t\n<\/div>\n<div class=\"elementor-element elementor-element-cbab940 e-flex e-con-boxed e-con e-parent\" data-id=\"cbab940\" data-element_type=\"container\" data-e-type=\"container\">\n\t\t\t\t\t<div class=\"e-con-inner\">\n\t\t\t\t<div class=\"elementor-element elementor-element-68bec14 elementor-widget elementor-widget-heading\" data-id=\"68bec14\" data-element_type=\"widget\" data-e-type=\"widget\" data-widget_type=\"heading.default\">\n\t\t\t\t\t<h2 class=\"elementor-heading-title elementor-size-default\">Questions fr\u00e9quentes sur le TOP DRH Rh\u00f4ne-Alpes<\/h2>\t\t\t\t<\/div>\n\t\t\t\t<div class=\"elementor-element elementor-element-d2a895e elementor-widget elementor-widget-n-accordion\" data-id=\"d2a895e\" data-element_type=\"widget\" data-e-type=\"widget\" data-settings=\"{&quot;default_state&quot;:&quot;expanded&quot;,&quot;max_items_expended&quot;:&quot;one&quot;,&quot;n_accordion_animation_duration&quot;:{&quot;unit&quot;:&quot;ms&quot;,&quot;size&quot;:400,&quot;sizes&quot;:[]}}\" data-widget_type=\"nested-accordion.default\">\n\t\t\t\t\t\t\t<div class=\"e-n-accordion\" aria-label=\"Accordion. Open links with Enter or Space, close with Escape, and navigate with Arrow Keys\">\n\t\t\t\t\t\t<details id=\"e-n-accordion-item-2200\" class=\"e-n-accordion-item\" open>\n\t\t\t\t<summary class=\"e-n-accordion-item-title\" data-accordion-index=\"1\" tabindex=\"0\" aria-expanded=\"true\" aria-controls=\"e-n-accordion-item-2200\" >\n\t\t\t\t\t<span class='e-n-accordion-item-title-header'><div class=\"e-n-accordion-item-title-text\"> Qu'est-ce que le TOP DRH ? <\/div><\/span>\n\t\t\t\t\t\t\t<span class='e-n-accordion-item-title-icon'>\n\t\t\t<span class='e-opened' ><svg aria-hidden=\"true\" class=\"e-font-icon-svg e-fas-minus\" viewBox=\"0 0 448 512\" xmlns=\"http:\/\/www.w3.org\/2000\/svg\"><path d=\"M416 208H32c-17.67 0-32 14.33-32 32v32c0 17.67 14.33 32 32 32h384c17.67 0 32-14.33 32-32v-32c0-17.67-14.33-32-32-32z\"><\/path><\/svg><\/span>\n\t\t\t<span class='e-closed'><i aria-hidden=\"true\" class=\"huge huge-arrow-down-01-round\"><\/i><\/span>\n\t\t<\/span>\n\n\t\t\t\t\t\t<\/summary>\n\t\t\t\t<div role=\"region\" aria-labelledby=\"e-n-accordion-item-2200\" class=\"elementor-element elementor-element-09f95d0 e-con-full e-flex e-con e-child\" data-id=\"09f95d0\" data-element_type=\"container\" data-e-type=\"container\">\n\t\t\t\t<div class=\"elementor-element elementor-element-2dca07e elementor-widget elementor-widget-text-editor\" data-id=\"2dca07e\" data-element_type=\"widget\" data-e-type=\"widget\" data-widget_type=\"text-editor.default\">\n\t\t\t\t\t\t\t\t\t<div class=\"faq-item reveal in-view open\"><div class=\"faq-a\"><p>Le TOP DRH est une convention professionnelle qui r\u00e9unit sur deux jours des directeurs et responsables RH et leurs prestataires. Le format associe rendez-vous d&rsquo;affaires individuels, ateliers th\u00e9matiques et temps d&rsquo;\u00e9change informels.<\/p><\/div><\/div>\t\t\t\t\t\t\t\t<\/div>\n\t\t\t\t<\/div>\n\t\t\t\t\t<\/details>\n\t\t\t\t\t\t<details id=\"e-n-accordion-item-2201\" class=\"e-n-accordion-item\" >\n\t\t\t\t<summary class=\"e-n-accordion-item-title\" data-accordion-index=\"2\" tabindex=\"-1\" aria-expanded=\"false\" aria-controls=\"e-n-accordion-item-2201\" >\n\t\t\t\t\t<span class='e-n-accordion-item-title-header'><div class=\"e-n-accordion-item-title-text\"> Quand et o\u00f9 a lieu le TOP DRH Rh\u00f4ne-Alpes 2026 ? <\/div><\/span>\n\t\t\t\t\t\t\t<span class='e-n-accordion-item-title-icon'>\n\t\t\t<span class='e-opened' ><svg aria-hidden=\"true\" class=\"e-font-icon-svg e-fas-minus\" viewBox=\"0 0 448 512\" xmlns=\"http:\/\/www.w3.org\/2000\/svg\"><path d=\"M416 208H32c-17.67 0-32 14.33-32 32v32c0 17.67 14.33 32 32 32h384c17.67 0 32-14.33 32-32v-32c0-17.67-14.33-32-32-32z\"><\/path><\/svg><\/span>\n\t\t\t<span class='e-closed'><i aria-hidden=\"true\" class=\"huge huge-arrow-down-01-round\"><\/i><\/span>\n\t\t<\/span>\n\n\t\t\t\t\t\t<\/summary>\n\t\t\t\t<div role=\"region\" aria-labelledby=\"e-n-accordion-item-2201\" class=\"elementor-element elementor-element-a038520 e-con-full e-flex e-con e-child\" data-id=\"a038520\" data-element_type=\"container\" data-e-type=\"container\">\n\t\t\t\t<div class=\"elementor-element elementor-element-3b1c16f elementor-widget elementor-widget-text-editor\" data-id=\"3b1c16f\" data-element_type=\"widget\" data-e-type=\"widget\" data-widget_type=\"text-editor.default\">\n\t\t\t\t\t\t\t\t\t<div class=\"faq-item reveal in-view open\"><div class=\"faq-a\"><p>Les 13 et 14 octobre 2026, \u00e0 l&rsquo;H\u00f4tel InterContinental H\u00f4tel-Dieu (5 \u00e9toiles) \u00e0 Lyon.<\/p><\/div><\/div>\t\t\t\t\t\t\t\t<\/div>\n\t\t\t\t<\/div>\n\t\t\t\t\t<\/details>\n\t\t\t\t\t\t<details id=\"e-n-accordion-item-2202\" class=\"e-n-accordion-item\" >\n\t\t\t\t<summary class=\"e-n-accordion-item-title\" data-accordion-index=\"3\" tabindex=\"-1\" aria-expanded=\"false\" aria-controls=\"e-n-accordion-item-2202\" >\n\t\t\t\t\t<span class='e-n-accordion-item-title-header'><div class=\"e-n-accordion-item-title-text\"> \u00c0 qui s'adresse le TOP DRH ? <\/div><\/span>\n\t\t\t\t\t\t\t<span class='e-n-accordion-item-title-icon'>\n\t\t\t<span class='e-opened' ><svg aria-hidden=\"true\" class=\"e-font-icon-svg e-fas-minus\" viewBox=\"0 0 448 512\" xmlns=\"http:\/\/www.w3.org\/2000\/svg\"><path d=\"M416 208H32c-17.67 0-32 14.33-32 32v32c0 17.67 14.33 32 32 32h384c17.67 0 32-14.33 32-32v-32c0-17.67-14.33-32-32-32z\"><\/path><\/svg><\/span>\n\t\t\t<span class='e-closed'><i aria-hidden=\"true\" class=\"huge huge-arrow-down-01-round\"><\/i><\/span>\n\t\t<\/span>\n\n\t\t\t\t\t\t<\/summary>\n\t\t\t\t<div role=\"region\" aria-labelledby=\"e-n-accordion-item-2202\" class=\"elementor-element elementor-element-9ec0d2f e-con-full e-flex e-con e-child\" data-id=\"9ec0d2f\" data-element_type=\"container\" data-e-type=\"container\">\n\t\t\t\t<div class=\"elementor-element elementor-element-ebcbbed elementor-widget elementor-widget-text-editor\" data-id=\"ebcbbed\" data-element_type=\"widget\" data-e-type=\"widget\" data-widget_type=\"text-editor.default\">\n\t\t\t\t\t\t\t\t\t<div class=\"faq-item reveal in-view open\"><div class=\"faq-a\"><p>Aux DRH, RRH et responsables de la fonction ressources humaines de grands comptes, ETI et grandes PME. L&rsquo;acc\u00e8s est r\u00e9serv\u00e9 aux fonctions RH.<\/p><\/div><\/div>\t\t\t\t\t\t\t\t<\/div>\n\t\t\t\t<\/div>\n\t\t\t\t\t<\/details>\n\t\t\t\t\t\t<details id=\"e-n-accordion-item-2203\" class=\"e-n-accordion-item\" >\n\t\t\t\t<summary class=\"e-n-accordion-item-title\" data-accordion-index=\"4\" tabindex=\"-1\" aria-expanded=\"false\" aria-controls=\"e-n-accordion-item-2203\" >\n\t\t\t\t\t<span class='e-n-accordion-item-title-header'><div class=\"e-n-accordion-item-title-text\"> Quels ateliers G.A.C. Group anime-t-il au TOP DRH Lyon ? <\/div><\/span>\n\t\t\t\t\t\t\t<span class='e-n-accordion-item-title-icon'>\n\t\t\t<span class='e-opened' ><svg aria-hidden=\"true\" class=\"e-font-icon-svg e-fas-minus\" viewBox=\"0 0 448 512\" xmlns=\"http:\/\/www.w3.org\/2000\/svg\"><path d=\"M416 208H32c-17.67 0-32 14.33-32 32v32c0 17.67 14.33 32 32 32h384c17.67 0 32-14.33 32-32v-32c0-17.67-14.33-32-32-32z\"><\/path><\/svg><\/span>\n\t\t\t<span class='e-closed'><i aria-hidden=\"true\" class=\"huge huge-arrow-down-01-round\"><\/i><\/span>\n\t\t<\/span>\n\n\t\t\t\t\t\t<\/summary>\n\t\t\t\t<div role=\"region\" aria-labelledby=\"e-n-accordion-item-2203\" class=\"elementor-element elementor-element-b7fd19c e-con-full e-flex e-con e-child\" data-id=\"b7fd19c\" data-element_type=\"container\" data-e-type=\"container\">\n\t\t\t\t<div class=\"elementor-element elementor-element-709af3b elementor-widget elementor-widget-text-editor\" data-id=\"709af3b\" data-element_type=\"widget\" data-e-type=\"widget\" data-widget_type=\"text-editor.default\">\n\t\t\t\t\t\t\t\t\t<div class=\"faq-item reveal in-view open\"><div class=\"faq-a\"><p>Trois temps forts : un atelier paie et cotisations, une Learning Expedition prospective sur le monde RH de demain, et un tea time consacr\u00e9 \u00e0 la cartographie des cas d&rsquo;usage \u00e9prouv\u00e9s de l&rsquo;IA en RH.<\/p><\/div><\/div>\t\t\t\t\t\t\t\t<\/div>\n\t\t\t\t<\/div>\n\t\t\t\t\t<\/details>\n\t\t\t\t\t\t<details id=\"e-n-accordion-item-2204\" class=\"e-n-accordion-item\" >\n\t\t\t\t<summary class=\"e-n-accordion-item-title\" data-accordion-index=\"5\" tabindex=\"-1\" aria-expanded=\"false\" aria-controls=\"e-n-accordion-item-2204\" >\n\t\t\t\t\t<span class='e-n-accordion-item-title-header'><div class=\"e-n-accordion-item-title-text\"> Puis-je rencontrer les experts G.A.C. en dehors des ateliers ? <\/div><\/span>\n\t\t\t\t\t\t\t<span class='e-n-accordion-item-title-icon'>\n\t\t\t<span class='e-opened' ><svg aria-hidden=\"true\" class=\"e-font-icon-svg e-fas-minus\" viewBox=\"0 0 448 512\" xmlns=\"http:\/\/www.w3.org\/2000\/svg\"><path d=\"M416 208H32c-17.67 0-32 14.33-32 32v32c0 17.67 14.33 32 32 32h384c17.67 0 32-14.33 32-32v-32c0-17.67-14.33-32-32-32z\"><\/path><\/svg><\/span>\n\t\t\t<span class='e-closed'><i aria-hidden=\"true\" class=\"huge huge-arrow-down-01-round\"><\/i><\/span>\n\t\t<\/span>\n\n\t\t\t\t\t\t<\/summary>\n\t\t\t\t<div role=\"region\" aria-labelledby=\"e-n-accordion-item-2204\" class=\"elementor-element elementor-element-d209fa3 e-con-full e-flex e-con e-child\" data-id=\"d209fa3\" data-element_type=\"container\" data-e-type=\"container\">\n\t\t\t\t<div class=\"elementor-element elementor-element-38acc4b elementor-widget elementor-widget-text-editor\" data-id=\"38acc4b\" data-element_type=\"widget\" data-e-type=\"widget\" data-widget_type=\"text-editor.default\">\n\t\t\t\t\t\t\t\t\t<article><section id=\"faq\"><div class=\"faq-item reveal in-view open\"><div class=\"faq-a\"><p>Oui. Le format pr\u00e9voit des rendez-vous d&rsquo;affaires individuels\u00a0 : vous pouvez y r\u00e9server un cr\u00e9neau avec nos experts pour approfondir un sujet propre \u00e0 votre organisation, au-del\u00e0 des trois temps forts.<\/p><\/div><\/div><\/section><\/article>\t\t\t\t\t\t\t\t<\/div>\n\t\t\t\t<\/div>\n\t\t\t\t\t<\/details>\n\t\t\t\t\t\t<details id=\"e-n-accordion-item-2205\" class=\"e-n-accordion-item\" >\n\t\t\t\t<summary class=\"e-n-accordion-item-title\" data-accordion-index=\"6\" tabindex=\"-1\" aria-expanded=\"false\" aria-controls=\"e-n-accordion-item-2205\" >\n\t\t\t\t\t<span class='e-n-accordion-item-title-header'><div class=\"e-n-accordion-item-title-text\"> Pourquoi participer au TOP DRH ? <\/div><\/span>\n\t\t\t\t\t\t\t<span class='e-n-accordion-item-title-icon'>\n\t\t\t<span class='e-opened' ><svg aria-hidden=\"true\" class=\"e-font-icon-svg e-fas-minus\" viewBox=\"0 0 448 512\" xmlns=\"http:\/\/www.w3.org\/2000\/svg\"><path d=\"M416 208H32c-17.67 0-32 14.33-32 32v32c0 17.67 14.33 32 32 32h384c17.67 0 32-14.33 32-32v-32c0-17.67-14.33-32-32-32z\"><\/path><\/svg><\/span>\n\t\t\t<span class='e-closed'><i aria-hidden=\"true\" class=\"huge huge-arrow-down-01-round\"><\/i><\/span>\n\t\t<\/span>\n\n\t\t\t\t\t\t<\/summary>\n\t\t\t\t<div role=\"region\" aria-labelledby=\"e-n-accordion-item-2205\" class=\"elementor-element elementor-element-c9af159 e-con-full e-flex e-con e-child\" data-id=\"c9af159\" data-element_type=\"container\" data-e-type=\"container\">\n\t\t\t\t<div class=\"elementor-element elementor-element-edad977 elementor-widget elementor-widget-text-editor\" data-id=\"edad977\" data-element_type=\"widget\" data-e-type=\"widget\" data-widget_type=\"text-editor.default\">\n\t\t\t\t\t\t\t\t\t<article><section id=\"faq\"><div class=\"faq-item reveal in-view open\"><div class=\"faq-a\"><p>Pour concentrer en 48 heures la veille, les rendez-vous et les arbitrages qui, le reste de l&rsquo;ann\u00e9e, se dispersent. Vous repartez avec des priorit\u00e9s claires plut\u00f4t qu&rsquo;une liste de sujets en suspens.<\/p><\/div><\/div><\/section><\/article>\t\t\t\t\t\t\t\t<\/div>\n\t\t\t\t<\/div>\n\t\t\t\t\t<\/details>\n\t\t\t\t\t<\/div>\n\t\t\t\t\t<script type=\"application\/ld+json\">{\"@context\":\"https:\\\/\\\/schema.org\",\"@type\":\"FAQPage\",\"mainEntity\":[{\"@type\":\"Question\",\"name\":\"Qu'est-ce que le TOP DRH ?\",\"acceptedAnswer\":{\"@type\":\"Answer\",\"text\":\"Le TOP DRH est une convention professionnelle qui r\\u00e9unit sur deux jours des directeurs et responsables RH et leurs prestataires. Le format associe rendez-vous d&rsquo;affaires individuels, ateliers th\\u00e9matiques et temps d&rsquo;\\u00e9change informels.\"}},{\"@type\":\"Question\",\"name\":\"Quand et o\\u00f9 a lieu le TOP DRH Rh\\u00f4ne-Alpes 2026 ?\",\"acceptedAnswer\":{\"@type\":\"Answer\",\"text\":\"Les 13 et 14 octobre 2026, \\u00e0 l&rsquo;H\\u00f4tel InterContinental H\\u00f4tel-Dieu (5 \\u00e9toiles) \\u00e0 Lyon.\"}},{\"@type\":\"Question\",\"name\":\"\\u00c0 qui s'adresse le TOP DRH ?\",\"acceptedAnswer\":{\"@type\":\"Answer\",\"text\":\"Aux DRH, RRH et responsables de la fonction ressources humaines de grands comptes, ETI et grandes PME. L&rsquo;acc\\u00e8s est r\\u00e9serv\\u00e9 aux fonctions RH.\"}},{\"@type\":\"Question\",\"name\":\"Quels ateliers G.A.C. Group anime-t-il au TOP DRH Lyon ?\",\"acceptedAnswer\":{\"@type\":\"Answer\",\"text\":\"Trois temps forts : un atelier paie et cotisations, une Learning Expedition prospective sur le monde RH de demain, et un tea time consacr\\u00e9 \\u00e0 la cartographie des cas d&rsquo;usage \\u00e9prouv\\u00e9s de l&rsquo;IA en RH.\"}},{\"@type\":\"Question\",\"name\":\"Puis-je rencontrer les experts G.A.C. en dehors des ateliers ?\",\"acceptedAnswer\":{\"@type\":\"Answer\",\"text\":\"Oui. Le format pr\\u00e9voit des rendez-vous d&rsquo;affaires individuels\\u00a0 : vous pouvez y r\\u00e9server un cr\\u00e9neau avec nos experts pour approfondir un sujet propre \\u00e0 votre organisation, au-del\\u00e0 des trois temps forts.\"}},{\"@type\":\"Question\",\"name\":\"Pourquoi participer au TOP DRH ?\",\"acceptedAnswer\":{\"@type\":\"Answer\",\"text\":\"Pour concentrer en 48 heures la veille, les rendez-vous et les arbitrages qui, le reste de l&rsquo;ann\\u00e9e, se dispersent. Vous repartez avec des priorit\\u00e9s claires plut\\u00f4t qu&rsquo;une liste de sujets en suspens.\"}}]}<\/script>\n\t\t\t\t\t\t\t<\/div>\n\t\t\t\t\t<\/div>\n\t\t\t\t<\/div>\n\t\t\t\t<\/div>\n\t\t","protected":false},"excerpt":{"rendered":"<p>TOP DRH Rh\u00f4ne-Alpes, 13-14 octobre \u00e0 Lyon : deux ateliers et un tea time IA &#038; RH pour trier l&rsquo;actualit\u00e9 RH et arbitrer vos priorit\u00e9s. Inscrivez-vous. <\/p>","protected":false},"author":47,"featured_media":0,"comment_status":"closed","ping_status":"closed","sticky":false,"template":"","format":"standard","meta":{"_acf_changed":false,"_seopress_titles_title":"TOP DRH Rh\u00f4ne-Alpes 2026 : ateliers RH \u00e0 Lyon","_seopress_titles_desc":"TOP DRH Rh\u00f4ne-Alpes, 13-14 octobre \u00e0 Lyon : deux ateliers et un tea time IA & RH pour trier l'actualit\u00e9 RH et arbitrer vos priorit\u00e9s. Inscrivez-vous.","_seopress_robots_index":"","_seopress_robots_follow":"","_seopress_robots_imageindex":"","_seopress_robots_snippet":"","_seopress_robots_primary_cat":"none","_seopress_robots_breadcrumbs":"","_seopress_robots_freeze_modified_date":"","_seopress_robots_custom_modified_date":"","_seopress_robots_canonical":"","_seopress_social_fb_title":"TOP DRH Rh\u00f4ne-Alpes 2026 : ateliers RH \u00e0 Lyon","_seopress_social_fb_desc":"TOP DRH Rh\u00f4ne-Alpes, 13-14 octobre \u00e0 Lyon : deux ateliers et un tea time IA & RH pour trier l'actualit\u00e9 RH et arbitrer vos priorit\u00e9s. Inscrivez-vous.","_seopress_social_fb_img":"","_seopress_social_fb_img_attachment_id":479945,"_seopress_social_fb_img_width":960,"_seopress_social_fb_img_height":540,"_seopress_social_twitter_title":"TOP DRH Rh\u00f4ne-Alpes 2026 : ateliers RH \u00e0 Lyon","_seopress_social_twitter_desc":"TOP DRH Rh\u00f4ne-Alpes, 13-14 octobre \u00e0 Lyon : deux ateliers et un tea time IA & RH pour trier l'actualit\u00e9 RH et arbitrer vos priorit\u00e9s. Inscrivez-vous.","_seopress_social_twitter_img":"","_seopress_social_twitter_img_attachment_id":0,"_seopress_social_twitter_img_width":0,"_seopress_social_twitter_img_height":0,"_seopress_redirections_value":"","_seopress_redirections_enabled":"","_seopress_redirections_enabled_regex":"","_seopress_redirections_logged_status":"both","_seopress_redirections_param":"","_seopress_redirections_type":301,"_seopress_analysis_target_kw":"dsn,fiabilisation,crm,substitution","_seopress_news_disabled":"","_seopress_video_disabled":"","_seopress_video":[],"_seopress_pro_schemas_manual":[],"_seopress_pro_rich_snippets_disable_all":"","_seopress_pro_rich_snippets_disable":[],"_seopress_pro_schemas":[],"site-sidebar-layout":"default","site-content-layout":"","ast-site-content-layout":"default","site-content-style":"default","site-sidebar-style":"default","ast-global-header-display":"","ast-banner-title-visibility":"","ast-main-header-display":"","ast-hfb-above-header-display":"","ast-hfb-below-header-display":"","ast-hfb-mobile-header-display":"","site-post-title":"","ast-breadcrumbs-content":"","ast-featured-img":"","footer-sml-layout":"","ast-disable-related-posts":"","theme-transparent-header-meta":"","adv-header-id-meta":"","stick-header-meta":"","header-above-stick-meta":"","header-main-stick-meta":"","header-below-stick-meta":"","astra-migrate-meta-layouts":"set","ast-page-background-enabled":"default","ast-page-background-meta":{"desktop":{"background-color":"var(--ast-global-color-4)","background-image":"","background-repeat":"repeat","background-position":"center center","background-size":"auto","background-attachment":"scroll","background-type":"","background-media":"","overlay-type":"","overlay-color":"","overlay-opacity":"","overlay-gradient":""},"tablet":{"background-color":"","background-image":"","background-repeat":"repeat","background-position":"center center","background-size":"auto","background-attachment":"scroll","background-type":"","background-media":"","overlay-type":"","overlay-color":"","overlay-opacity":"","overlay-gradient":""},"mobile":{"background-color":"","background-image":"","background-repeat":"repeat","background-position":"center center","background-size":"auto","background-attachment":"scroll","background-type":"","background-media":"","overlay-type":"","overlay-color":"","overlay-opacity":"","overlay-gradient":""}},"ast-content-background-meta":{"desktop":{"background-color":"var(--ast-global-color-5)","background-image":"","background-repeat":"repeat","background-position":"center center","background-size":"auto","background-attachment":"scroll","background-type":"","background-media":"","overlay-type":"","overlay-color":"","overlay-opacity":"","overlay-gradient":""},"tablet":{"background-color":"var(--ast-global-color-5)","background-image":"","background-repeat":"repeat","background-position":"center center","background-size":"auto","background-attachment":"scroll","background-type":"","background-media":"","overlay-type":"","overlay-color":"","overlay-opacity":"","overlay-gradient":""},"mobile":{"background-color":"var(--ast-global-color-5)","background-image":"","background-repeat":"repeat","background-position":"center center","background-size":"auto","background-attachment":"scroll","background-type":"","background-media":"","overlay-type":"","overlay-color":"","overlay-opacity":"","overlay-gradient":""}},"footnotes":""},"categories":[1],"tags":[],"business_unit":[752],"offre":[890,891,1058,892,960],"secteur":[665,666,876,955,956,617,658,660,880,662,664],"class_list":["post-487263","post","type-post","status-publish","format-standard","hentry","category-evenements","business_unit-ressources-humaines","offre-audit-charges-sociales","offre-dsn-pilotage-indicateurs-rh","offre-sante-securite-et-conditions-de-travail","offre-gestion-risques-professionnels","offre-ia","secteur-technologie-de-linformation","secteur-transport","secteur-retail","secteur-public","secteur-banques-assurances","secteur-agroalimentaire","secteur-btp-construction","secteur-energie-environnement","secteur-aerospatial-defense","secteur-industrie","secteur-sante"],"acf":{"home_slider":"Non","filtre_secteurs":[]},"_links":{"self":[{"href":"https:\/\/group-gac.com\/en\/wp-json\/wp\/v2\/posts\/487263","targetHints":{"allow":["GET"]}}],"collection":[{"href":"https:\/\/group-gac.com\/en\/wp-json\/wp\/v2\/posts"}],"about":[{"href":"https:\/\/group-gac.com\/en\/wp-json\/wp\/v2\/types\/post"}],"author":[{"embeddable":true,"href":"https:\/\/group-gac.com\/en\/wp-json\/wp\/v2\/users\/47"}],"replies":[{"embeddable":true,"href":"https:\/\/group-gac.com\/en\/wp-json\/wp\/v2\/comments?post=487263"}],"version-history":[{"count":13,"href":"https:\/\/group-gac.com\/en\/wp-json\/wp\/v2\/posts\/487263\/revisions"}],"predecessor-version":[{"id":487279,"href":"https:\/\/group-gac.com\/en\/wp-json\/wp\/v2\/posts\/487263\/revisions\/487279"}],"wp:attachment":[{"href":"https:\/\/group-gac.com\/en\/wp-json\/wp\/v2\/media?parent=487263"}],"wp:term":[{"taxonomy":"category","embeddable":true,"href":"https:\/\/group-gac.com\/en\/wp-json\/wp\/v2\/categories?post=487263"},{"taxonomy":"post_tag","embeddable":true,"href":"https:\/\/group-gac.com\/en\/wp-json\/wp\/v2\/tags?post=487263"},{"taxonomy":"business_unit","embeddable":true,"href":"https:\/\/group-gac.com\/en\/wp-json\/wp\/v2\/business_unit?post=487263"},{"taxonomy":"offre","embeddable":true,"href":"https:\/\/group-gac.com\/en\/wp-json\/wp\/v2\/offre?post=487263"},{"taxonomy":"secteur","embeddable":true,"href":"https:\/\/group-gac.com\/en\/wp-json\/wp\/v2\/secteur?post=487263"}],"curies":[{"name":"wp","href":"https:\/\/api.w.org\/{rel}","templated":true}]}}